{"id":7373,"date":"2013-11-25T11:39:20","date_gmt":"2013-11-25T11:39:20","guid":{"rendered":"https:\/\/gemaa.iesp.uerj.br\/uncategorized\/2-o-globo-e-as-acoes-afirmativas-dez-anos-de-cobertura-2001-2011\/"},"modified":"2013-11-25T11:39:20","modified_gmt":"2013-11-25T11:39:20","slug":"2-o-globo-e-as-acoes-afirmativas-dez-anos-de-cobertura-2001-2011","status":"publish","type":"post","link":"https:\/\/gemaa.iesp.uerj.br\/en\/texts-for-discussion\/2-o-globo-e-as-acoes-afirmativas-dez-anos-de-cobertura-2001-2011\/","title":{"rendered":"2 \u2013 O Globo e as A\u00e7\u00f5es Afirmativas: Dez anos de cobertura (2001-2011)"},"content":{"rendered":"<p style=\"text-align: justify;\">O Grupo de Estudos Multidisciplinares da A\u00e7\u00e3o afirmativa (GEMAA) do IESP-UERJ acaba de disponibilizar para o p\u00fablico o segundo texto para discuss\u00e3o sobre a cobertura que o jornal carioca O Globo dedicou \u00e0s a\u00e7\u00f5es afirmativas durante toda a primeira d\u00e9cada do mil\u00eanio. O fato de o estado do Rio de Janeiro ter sido um dos primeiros a adotar esse tipo de pol\u00edtica fez com que o peri\u00f3dico carioca fosse o primeiro a dar aten\u00e7\u00e3o ao tema ainda em 2011. Al\u00e9m de ajudar a entender os crit\u00e9rios de cobertura adotados pelo jornal, os dados apresentados a seguir pretendem qualificar a discuss\u00e3o em torno do papel da m\u00eddia para o debate acerca das pol\u00edticas de discrimina\u00e7\u00e3o positiva para negros. Dentre reportagens, artigos de opini\u00e3o, editoriais, cartas de leitor etc., O Globo publicou 1.054 textos sobre o tema, o que demonstra o grande espa\u00e7o ocupado pela tem\u00e1tica no jornal. Este texto para discuss\u00e3o apresenta, dentre outras coisas, como o jornal distribuiu as mat\u00e9rias sobre o tema em suas se\u00e7\u00f5es, como organizou as tomadas de posi\u00e7\u00e3o em suas p\u00e1ginas, quais atores sociais tiveram maior visibilidade no per\u00edodo e, sobretudo, quais discursos sobre as a\u00e7\u00f5es afirmativas raciais foram veiculados.<\/p>\n<p style=\"text-align: center;\"><strong>Clique na imagem abaixo para fazer o download<\/strong><\/p>\n<p style=\"text-align: center;\"><a href=\"https:\/\/gemaa.iesp.uerj.br\/wp-content\/uploads\/2018\/03\/TpD-gemaa-2.pdf\"><img fetchpriority=\"high\" decoding=\"async\" class=\"aligncenter wp-image-1493\" src=\"https:\/\/gemaa.iesp.uerj.br\/wp-content\/uploads\/2013\/11\/TDs-2.png\" alt=\"\" width=\"420\" height=\"542\" \/><\/a><\/p>\n","protected":false},"excerpt":{"rendered":"<p>O Grupo de Estudos Multidisciplinares da A\u00e7\u00e3o afirmativa (GEMAA) do IESP-UERJ acaba de disponibilizar para o p\u00fablico o segundo texto para discuss\u00e3o sobre a cobertura que o jornal carioca O Globo dedicou \u00e0s a\u00e7\u00f5es afirmativas durante toda a primeira d\u00e9cada do mil\u00eanio. O fato de o estado do Rio de Janeiro ter sido um dos [&hellip;]<\/p>\n","protected":false},"author":12,"featured_media":0,"comment_status":"open","ping_status":"closed","sticky":false,"template":"","format":"standard","meta":{"_acf_changed":false,"wds_primary_category":546,"wds_primary_destaque":0,"footnotes":""},"categories":[546],"tags":[],"destaque":[],"tematica":[530,532],"class_list":["post-7373","post","type-post","status-publish","format-standard","hentry","category-texts-for-discussion","tematica-education","tematica-higher-education"],"blocksy_meta":{"styles_descriptor":{"styles":{"desktop":"","tablet":"","mobile":""},"google_fonts":[],"version":6}},"featured_image_urls_v2":{"full":"","thumbnail":"","medium":"","medium_large":"","large":"","gs-tiny":"","xl":"","xxl":"","xxxl":"","xxxxl":"","xxxxxl":"","1536x1536":"","2048x2048":""},"post_excerpt_stackable_v2":"<p>O Grupo de Estudos Multidisciplinares da A\u00e7\u00e3o afirmativa (GEMAA) do IESP-UERJ acaba de disponibilizar para o p\u00fablico o segundo texto para discuss\u00e3o sobre a cobertura que o jornal carioca O Globo dedicou \u00e0s a\u00e7\u00f5es afirmativas durante toda a primeira d\u00e9cada do mil\u00eanio. O fato de o estado do Rio de Janeiro ter sido um dos primeiros a adotar esse tipo de pol\u00edtica fez com que o peri\u00f3dico carioca fosse o primeiro a dar aten\u00e7\u00e3o ao tema ainda em 2011. Al\u00e9m de ajudar a entender os crit\u00e9rios de cobertura adotados pelo jornal, os dados apresentados a seguir pretendem qualificar a discuss\u00e3o&hellip;<\/p>\n","category_list_v2":"<a href=\"https:\/\/gemaa.iesp.uerj.br\/en\/category\/texts-for-discussion\/\" rel=\"category tag\">Texts for discussion<\/a>","author_info_v2":{"name":"Poema Portela","url":"https:\/\/gemaa.iesp.uerj.br\/en\/author\/poema\/"},"comments_num_v2":"0 comments","acf":[],"_links":{"self":[{"href":"https:\/\/gemaa.iesp.uerj.br\/en\/wp-json\/wp\/v2\/posts\/7373","targetHints":{"allow":["GET"]}}],"collection":[{"href":"https:\/\/gemaa.iesp.uerj.br\/en\/wp-json\/wp\/v2\/posts"}],"about":[{"href":"https:\/\/gemaa.iesp.uerj.br\/en\/wp-json\/wp\/v2\/types\/post"}],"author":[{"embeddable":true,"href":"https:\/\/gemaa.iesp.uerj.br\/en\/wp-json\/wp\/v2\/users\/12"}],"replies":[{"embeddable":true,"href":"https:\/\/gemaa.iesp.uerj.br\/en\/wp-json\/wp\/v2\/comments?post=7373"}],"version-history":[{"count":0,"href":"https:\/\/gemaa.iesp.uerj.br\/en\/wp-json\/wp\/v2\/posts\/7373\/revisions"}],"wp:attachment":[{"href":"https:\/\/gemaa.iesp.uerj.br\/en\/wp-json\/wp\/v2\/media?parent=7373"}],"wp:term":[{"taxonomy":"category","embeddable":true,"href":"https:\/\/gemaa.iesp.uerj.br\/en\/wp-json\/wp\/v2\/categories?post=7373"},{"taxonomy":"post_tag","embeddable":true,"href":"https:\/\/gemaa.iesp.uerj.br\/en\/wp-json\/wp\/v2\/tags?post=7373"},{"taxonomy":"destaque","embeddable":true,"href":"https:\/\/gemaa.iesp.uerj.br\/en\/wp-json\/wp\/v2\/destaque?post=7373"},{"taxonomy":"tematica","embeddable":true,"href":"https:\/\/gemaa.iesp.uerj.br\/en\/wp-json\/wp\/v2\/tematica?post=7373"}],"curies":[{"name":"wp","href":"https:\/\/api.w.org\/{rel}","templated":true}]}}