{"id":7369,"date":"2013-12-27T14:28:32","date_gmt":"2013-12-27T14:28:32","guid":{"rendered":"https:\/\/gemaa.iesp.uerj.br\/uncategorized\/3-a-folha-de-s-paulo-e-as-acoes-afirmativas-dez-anos-de-cobertura-2001-2011\/"},"modified":"2013-12-27T14:28:32","modified_gmt":"2013-12-27T14:28:32","slug":"3-a-folha-de-s-paulo-e-as-acoes-afirmativas-dez-anos-de-cobertura-2001-2011","status":"publish","type":"post","link":"https:\/\/gemaa.iesp.uerj.br\/en\/uncategorized\/3-a-folha-de-s-paulo-e-as-acoes-afirmativas-dez-anos-de-cobertura-2001-2011\/","title":{"rendered":"3 \u2013 A Folha de S. Paulo e as A\u00e7\u00f5es Afirmativas: Dez anos de cobertura (2001-2011)"},"content":{"rendered":"<p style=\"text-align: justify;\">Este texto discute o tratamento conferido \u00e0s a\u00e7\u00f5es afirmativas raciais pelo jornal de maior circula\u00e7\u00e3o nacional, a Folha de S. Paulo. A partir de um amplo levantamento de todos os textos sobre o tema publicados no jornal durante a primeira d\u00e9cada do mil\u00eanio, o presente trabalho examina a distribui\u00e7\u00e3o dos textos nas se\u00e7\u00f5es, a organiza\u00e7\u00e3o das opini\u00f5es dadas como relevantes e os atores sociais que tiveram maior visibilidade na cobertura.<\/p>\n<p style=\"text-align: center;\"><strong>Clique na imagem abaixo para fazer o download<\/strong><\/p>\n<p style=\"text-align: center;\"><a href=\"https:\/\/gemaa.iesp.uerj.br\/wp-content\/uploads\/2013\/12\/files_TpD_gemaa_3_-isbn.pdf\" target=\"_blank\" rel=\"noopener\"><img fetchpriority=\"high\" decoding=\"async\" class=\"aligncenter wp-image-269\" src=\"https:\/\/gemaa.iesp.uerj.br\/wp-content\/uploads\/2013\/12\/images_Tpd3.png\" alt=\"\" width=\"421\" height=\"542\" \/><\/a><\/p>\n","protected":false},"excerpt":{"rendered":"<p>Este texto discute o tratamento conferido \u00e0s a\u00e7\u00f5es afirmativas raciais pelo jornal de maior circula\u00e7\u00e3o nacional, a Folha de S. Paulo. A partir de um amplo levantamento de todos os textos sobre o tema publicados no jornal durante a primeira d\u00e9cada do mil\u00eanio, o presente trabalho examina a distribui\u00e7\u00e3o dos textos nas se\u00e7\u00f5es, a organiza\u00e7\u00e3o [&hellip;]<\/p>\n","protected":false},"author":12,"featured_media":0,"comment_status":"open","ping_status":"closed","sticky":false,"template":"","format":"standard","meta":{"_acf_changed":false,"wds_primary_category":504,"wds_primary_destaque":0,"footnotes":""},"categories":[504],"tags":[],"destaque":[],"tematica":[],"class_list":["post-7369","post","type-post","status-publish","format-standard","hentry","category-uncategorized"],"blocksy_meta":{"styles_descriptor":{"styles":{"desktop":"","tablet":"","mobile":""},"google_fonts":[],"version":6}},"featured_image_urls_v2":{"full":"","thumbnail":"","medium":"","medium_large":"","large":"","gs-tiny":"","xl":"","xxl":"","xxxl":"","xxxxl":"","xxxxxl":"","1536x1536":"","2048x2048":""},"post_excerpt_stackable_v2":"<p>Este texto discute o tratamento conferido \u00e0s a\u00e7\u00f5es afirmativas raciais pelo jornal de maior circula\u00e7\u00e3o nacional, a Folha de S. Paulo. A partir de um amplo levantamento de todos os textos sobre o tema publicados no jornal durante a primeira d\u00e9cada do mil\u00eanio, o presente trabalho examina a distribui\u00e7\u00e3o dos textos nas se\u00e7\u00f5es, a organiza\u00e7\u00e3o das opini\u00f5es dadas como relevantes e os atores sociais que tiveram maior visibilidade na cobertura. Clique na imagem abaixo para fazer o download<\/p>\n","category_list_v2":"<a href=\"https:\/\/gemaa.iesp.uerj.br\/en\/category\/uncategorized\/\" rel=\"category tag\">Uncategorized<\/a>","author_info_v2":{"name":"Poema Portela","url":"https:\/\/gemaa.iesp.uerj.br\/en\/author\/poema\/"},"comments_num_v2":"0 comments","acf":[],"_links":{"self":[{"href":"https:\/\/gemaa.iesp.uerj.br\/en\/wp-json\/wp\/v2\/posts\/7369","targetHints":{"allow":["GET"]}}],"collection":[{"href":"https:\/\/gemaa.iesp.uerj.br\/en\/wp-json\/wp\/v2\/posts"}],"about":[{"href":"https:\/\/gemaa.iesp.uerj.br\/en\/wp-json\/wp\/v2\/types\/post"}],"author":[{"embeddable":true,"href":"https:\/\/gemaa.iesp.uerj.br\/en\/wp-json\/wp\/v2\/users\/12"}],"replies":[{"embeddable":true,"href":"https:\/\/gemaa.iesp.uerj.br\/en\/wp-json\/wp\/v2\/comments?post=7369"}],"version-history":[{"count":0,"href":"https:\/\/gemaa.iesp.uerj.br\/en\/wp-json\/wp\/v2\/posts\/7369\/revisions"}],"wp:attachment":[{"href":"https:\/\/gemaa.iesp.uerj.br\/en\/wp-json\/wp\/v2\/media?parent=7369"}],"wp:term":[{"taxonomy":"category","embeddable":true,"href":"https:\/\/gemaa.iesp.uerj.br\/en\/wp-json\/wp\/v2\/categories?post=7369"},{"taxonomy":"post_tag","embeddable":true,"href":"https:\/\/gemaa.iesp.uerj.br\/en\/wp-json\/wp\/v2\/tags?post=7369"},{"taxonomy":"destaque","embeddable":true,"href":"https:\/\/gemaa.iesp.uerj.br\/en\/wp-json\/wp\/v2\/destaque?post=7369"},{"taxonomy":"tematica","embeddable":true,"href":"https:\/\/gemaa.iesp.uerj.br\/en\/wp-json\/wp\/v2\/tematica?post=7369"}],"curies":[{"name":"wp","href":"https:\/\/api.w.org\/{rel}","templated":true}]}}