{"id":7366,"date":"2014-06-24T18:17:26","date_gmt":"2014-06-24T18:17:26","guid":{"rendered":"https:\/\/gemaa.iesp.uerj.br\/uncategorized\/tpd5\/"},"modified":"2014-06-24T18:17:26","modified_gmt":"2014-06-24T18:17:26","slug":"tpd5","status":"publish","type":"post","link":"https:\/\/gemaa.iesp.uerj.br\/en\/uncategorized\/tpd5\/","title":{"rendered":"5 \u2013 Os Casos de Suspeita de Racismo Noticiados pela Folha de S. Paulo: 2001-2012"},"content":{"rendered":"<p style=\"text-align: justify;\">No presente texto de discuss\u00e3o apresentamos os 150 casos de suspeita de racismo, discrimina\u00e7\u00e3o e inj\u00faria racial noticiados pelo jornal Folha de S. Paulo entre os anos de 2001 e 2012. Os casos foram resumidos em fichas para tornar acess\u00edvel ao p\u00fablico uma s\u00edntese do que foi noticiado em torno da tem\u00e1tica ao longo desses 12 anos. Este texto tem por objetivo trazer a p\u00fablico os resultados de uma pesquisa-piloto que nortear\u00e1 uma grande pesquisa a ser realizada em todos os jornais de grande circula\u00e7\u00e3o em torno do tema. S\u00e3o apresentados, a t\u00edtulo de investiga\u00e7\u00e3o de car\u00e1ter preliminar, os insultos raciais proferidos, bem como as palavras mais incidentes nas ofensas de cunho racista.<\/p>\n<p style=\"text-align: center;\"><strong>Clique na imagem abaixo para fazer o download<\/strong><\/p>\n<p style=\"text-align: center;\"><a href=\"https:\/\/gemaa.iesp.uerj.br\/wp-content\/uploads\/2014\/06\/images_publicacoes_TpD_TpD5_Gemaa.pdf\" target=\"_blank\" rel=\"noopener\"><img fetchpriority=\"high\" decoding=\"async\" class=\"aligncenter\" src=\"https:\/\/gemaa.iesp.uerj.br\/wp-content\/uploads\/2014\/06\/images_TpD5.png\" alt=\"\" width=\"419\" height=\"545\" border=\"0\" \/><\/a><\/p>\n","protected":false},"excerpt":{"rendered":"<p>No presente texto de discuss\u00e3o apresentamos os 150 casos de suspeita de racismo, discrimina\u00e7\u00e3o e inj\u00faria racial noticiados pelo jornal Folha de S. Paulo entre os anos de 2001 e 2012. Os casos foram resumidos em fichas para tornar acess\u00edvel ao p\u00fablico uma s\u00edntese do que foi noticiado em torno da tem\u00e1tica ao longo desses [&hellip;]<\/p>\n","protected":false},"author":12,"featured_media":0,"comment_status":"open","ping_status":"closed","sticky":false,"template":"","format":"standard","meta":{"_acf_changed":false,"wds_primary_category":504,"wds_primary_destaque":0,"footnotes":""},"categories":[504],"tags":[],"destaque":[],"tematica":[],"class_list":["post-7366","post","type-post","status-publish","format-standard","hentry","category-uncategorized"],"blocksy_meta":{"styles_descriptor":{"styles":{"desktop":"","tablet":"","mobile":""},"google_fonts":[],"version":6}},"featured_image_urls_v2":{"full":"","thumbnail":"","medium":"","medium_large":"","large":"","gs-tiny":"","xl":"","xxl":"","xxxl":"","xxxxl":"","xxxxxl":"","1536x1536":"","2048x2048":""},"post_excerpt_stackable_v2":"<p>No presente texto de discuss\u00e3o apresentamos os 150 casos de suspeita de racismo, discrimina\u00e7\u00e3o e inj\u00faria racial noticiados pelo jornal Folha de S. Paulo entre os anos de 2001 e 2012. Os casos foram resumidos em fichas para tornar acess\u00edvel ao p\u00fablico uma s\u00edntese do que foi noticiado em torno da tem\u00e1tica ao longo desses 12 anos. Este texto tem por objetivo trazer a p\u00fablico os resultados de uma pesquisa-piloto que nortear\u00e1 uma grande pesquisa a ser realizada em todos os jornais de grande circula\u00e7\u00e3o em torno do tema. S\u00e3o apresentados, a t\u00edtulo de investiga\u00e7\u00e3o de car\u00e1ter preliminar, os insultos&hellip;<\/p>\n","category_list_v2":"<a href=\"https:\/\/gemaa.iesp.uerj.br\/en\/category\/uncategorized\/\" rel=\"category tag\">Uncategorized<\/a>","author_info_v2":{"name":"Poema Portela","url":"https:\/\/gemaa.iesp.uerj.br\/en\/author\/poema\/"},"comments_num_v2":"0 comments","acf":[],"_links":{"self":[{"href":"https:\/\/gemaa.iesp.uerj.br\/en\/wp-json\/wp\/v2\/posts\/7366","targetHints":{"allow":["GET"]}}],"collection":[{"href":"https:\/\/gemaa.iesp.uerj.br\/en\/wp-json\/wp\/v2\/posts"}],"about":[{"href":"https:\/\/gemaa.iesp.uerj.br\/en\/wp-json\/wp\/v2\/types\/post"}],"author":[{"embeddable":true,"href":"https:\/\/gemaa.iesp.uerj.br\/en\/wp-json\/wp\/v2\/users\/12"}],"replies":[{"embeddable":true,"href":"https:\/\/gemaa.iesp.uerj.br\/en\/wp-json\/wp\/v2\/comments?post=7366"}],"version-history":[{"count":0,"href":"https:\/\/gemaa.iesp.uerj.br\/en\/wp-json\/wp\/v2\/posts\/7366\/revisions"}],"wp:attachment":[{"href":"https:\/\/gemaa.iesp.uerj.br\/en\/wp-json\/wp\/v2\/media?parent=7366"}],"wp:term":[{"taxonomy":"category","embeddable":true,"href":"https:\/\/gemaa.iesp.uerj.br\/en\/wp-json\/wp\/v2\/categories?post=7366"},{"taxonomy":"post_tag","embeddable":true,"href":"https:\/\/gemaa.iesp.uerj.br\/en\/wp-json\/wp\/v2\/tags?post=7366"},{"taxonomy":"destaque","embeddable":true,"href":"https:\/\/gemaa.iesp.uerj.br\/en\/wp-json\/wp\/v2\/destaque?post=7366"},{"taxonomy":"tematica","embeddable":true,"href":"https:\/\/gemaa.iesp.uerj.br\/en\/wp-json\/wp\/v2\/tematica?post=7366"}],"curies":[{"name":"wp","href":"https:\/\/api.w.org\/{rel}","templated":true}]}}