{"id":7364,"date":"2014-10-14T21:17:29","date_gmt":"2014-10-14T21:17:29","guid":{"rendered":"https:\/\/gemaa.iesp.uerj.br\/uncategorized\/7-a-cor-e-o-sexo-da-politica-composicao-das-camaras-federais-e-estaduais-2014\/"},"modified":"2014-10-14T21:17:29","modified_gmt":"2014-10-14T21:17:29","slug":"7-a-cor-e-o-sexo-da-politica-composicao-das-camaras-federais-e-estaduais-2014","status":"publish","type":"post","link":"https:\/\/gemaa.iesp.uerj.br\/en\/texts-for-discussion\/7-a-cor-e-o-sexo-da-politica-composicao-das-camaras-federais-e-estaduais-2014\/","title":{"rendered":"7 &#8211; A Cor e o Sexo da Pol\u00edtica: Composi\u00e7\u00e3o das c\u00e2maras federais e estaduais (2014)"},"content":{"rendered":"\n<p>O s\u00e9timo Texto para Discuss\u00e3o analisa dados sobre a a composi\u00e7\u00e3o da C\u00e2mara dos Deputados Federais e das Assembleias Legislativas estaduais de acordo com a cor e o sexo autodeclarados pelos candidatos e eleitos em outubro de 2014. O Objetivo foi estabelecer em que medida as desigualdades de g\u00eanero e de ra\u00e7a permanecem tendo impactos na pol\u00edtica, alijando mulheres, pretos e pardos dos legislativos federal e estaduais. Como o texto demonstra, a participa\u00e7\u00e3o das mulheres no parlamento evoluiu muito pouco e os pretos e pardos tamb\u00e9m se encontram distantes de uma presen\u00e7a na pol\u00edtica compar\u00e1vel a sua presen\u00e7a na sociedade.<\/p>\n\n\n\n<p class=\"has-text-align-center\"><strong>Clique na imagem abaixo para fazer o download<\/strong><\/p>\n\n\n\n<div class=\"wp-block-image\"><figure class=\"aligncenter size-full\"><a href=\"http:\/\/gemaa.iesp.uerj.br\/wp-content\/uploads\/2014\/09\/images_publicacoes_TpD_TpD7_Gemaa.pdf\" target=\"_blank\" rel=\"noopener\"><img fetchpriority=\"high\" decoding=\"async\" width=\"418\" height=\"544\" src=\"https:\/\/gemaa.iesp.uerj.br\/wp-content\/uploads\/2022\/04\/images_TpD7.png\" alt=\"\" class=\"wp-image-6662\" srcset=\"https:\/\/gemaa.iesp.uerj.br\/wp-content\/uploads\/2022\/04\/images_TpD7.png 418w, https:\/\/gemaa.iesp.uerj.br\/wp-content\/uploads\/2022\/04\/images_TpD7-231x300.png 231w\" sizes=\"(max-width: 418px) 100vw, 418px\" \/><\/a><\/figure><\/div>\n","protected":false},"excerpt":{"rendered":"<p>O s\u00e9timo Texto para Discuss\u00e3o analisa dados sobre a a composi\u00e7\u00e3o da C\u00e2mara dos Deputados Federais e das Assembleias Legislativas estaduais de acordo com a cor e o sexo autodeclarados pelos candidatos e eleitos em outubro de 2014. O Objetivo foi estabelecer em que medida as desigualdades de g\u00eanero e de ra\u00e7a permanecem tendo impactos [&hellip;]<\/p>\n","protected":false},"author":12,"featured_media":0,"comment_status":"open","ping_status":"closed","sticky":false,"template":"","format":"standard","meta":{"_acf_changed":false,"wds_primary_category":546,"wds_primary_destaque":0,"footnotes":""},"categories":[546],"tags":[],"destaque":[],"tematica":[539,528,538,529],"class_list":["post-7364","post","type-post","status-publish","format-standard","hentry","category-texts-for-discussion","tematica-elections","tematica-gender","tematica-politics","tematica-race"],"blocksy_meta":{"styles_descriptor":{"styles":{"desktop":"","tablet":"","mobile":""},"google_fonts":[],"version":6}},"featured_image_urls_v2":{"full":"","thumbnail":"","medium":"","medium_large":"","large":"","gs-tiny":"","xl":"","xxl":"","xxxl":"","xxxxl":"","xxxxxl":"","1536x1536":"","2048x2048":""},"post_excerpt_stackable_v2":"<p>O s\u00e9timo Texto para Discuss\u00e3o analisa dados sobre a a composi\u00e7\u00e3o da C\u00e2mara dos Deputados Federais e das Assembleias Legislativas estaduais de acordo com a cor e o sexo autodeclarados pelos candidatos e eleitos em outubro de 2014. O Objetivo foi estabelecer em que medida as desigualdades de g\u00eanero e de ra\u00e7a permanecem tendo impactos na pol\u00edtica, alijando mulheres, pretos e pardos dos legislativos federal e estaduais. Como o texto demonstra, a participa\u00e7\u00e3o das mulheres no parlamento evoluiu muito pouco e os pretos e pardos tamb\u00e9m se encontram distantes de uma presen\u00e7a na pol\u00edtica compar\u00e1vel a sua presen\u00e7a na sociedade.&hellip;<\/p>\n","category_list_v2":"<a href=\"https:\/\/gemaa.iesp.uerj.br\/en\/category\/texts-for-discussion\/\" rel=\"category tag\">Texts for discussion<\/a>","author_info_v2":{"name":"Poema Portela","url":"https:\/\/gemaa.iesp.uerj.br\/en\/author\/poema\/"},"comments_num_v2":"0 comments","acf":[],"_links":{"self":[{"href":"https:\/\/gemaa.iesp.uerj.br\/en\/wp-json\/wp\/v2\/posts\/7364","targetHints":{"allow":["GET"]}}],"collection":[{"href":"https:\/\/gemaa.iesp.uerj.br\/en\/wp-json\/wp\/v2\/posts"}],"about":[{"href":"https:\/\/gemaa.iesp.uerj.br\/en\/wp-json\/wp\/v2\/types\/post"}],"author":[{"embeddable":true,"href":"https:\/\/gemaa.iesp.uerj.br\/en\/wp-json\/wp\/v2\/users\/12"}],"replies":[{"embeddable":true,"href":"https:\/\/gemaa.iesp.uerj.br\/en\/wp-json\/wp\/v2\/comments?post=7364"}],"version-history":[{"count":0,"href":"https:\/\/gemaa.iesp.uerj.br\/en\/wp-json\/wp\/v2\/posts\/7364\/revisions"}],"wp:attachment":[{"href":"https:\/\/gemaa.iesp.uerj.br\/en\/wp-json\/wp\/v2\/media?parent=7364"}],"wp:term":[{"taxonomy":"category","embeddable":true,"href":"https:\/\/gemaa.iesp.uerj.br\/en\/wp-json\/wp\/v2\/categories?post=7364"},{"taxonomy":"post_tag","embeddable":true,"href":"https:\/\/gemaa.iesp.uerj.br\/en\/wp-json\/wp\/v2\/tags?post=7364"},{"taxonomy":"destaque","embeddable":true,"href":"https:\/\/gemaa.iesp.uerj.br\/en\/wp-json\/wp\/v2\/destaque?post=7364"},{"taxonomy":"tematica","embeddable":true,"href":"https:\/\/gemaa.iesp.uerj.br\/en\/wp-json\/wp\/v2\/tematica?post=7364"}],"curies":[{"name":"wp","href":"https:\/\/api.w.org\/{rel}","templated":true}]}}