{"id":7363,"date":"2014-11-19T17:11:20","date_gmt":"2014-11-19T17:11:20","guid":{"rendered":"https:\/\/gemaa.iesp.uerj.br\/uncategorized\/8-a-cor-do-enem-2012-comparacao-entre-o-desempenho-de-brancos-pardos-e-pretos\/"},"modified":"2014-11-19T17:11:20","modified_gmt":"2014-11-19T17:11:20","slug":"8-a-cor-do-enem-2012-comparacao-entre-o-desempenho-de-brancos-pardos-e-pretos","status":"publish","type":"post","link":"https:\/\/gemaa.iesp.uerj.br\/en\/uncategorized\/8-a-cor-do-enem-2012-comparacao-entre-o-desempenho-de-brancos-pardos-e-pretos\/","title":{"rendered":"8 &#8211; A Cor do ENEM &#8211; 2012: Compara\u00e7\u00e3o entre o desempenho de brancos, pardos e pretos"},"content":{"rendered":"<p style=\"text-align: justify;\">O oitavo Texto para Discuss\u00e3o GEMAA analisa as desigualdades raciais dentre os inscritos no ENEM de 2012. Em rela\u00e7\u00e3o ao perfil socioecon\u00f4mico, o texto traz dados gerais sobre os inscritos, suas desigualdades de classe, condi\u00e7\u00f5es no ensino m\u00e9dio, educa\u00e7\u00e3o dos pais etc. Observamos tamb\u00e9m a taxa de participa\u00e7\u00e3o no exame de cada um dos grupos raciais, bem como o desempenho geral deles nas provas. Finalmente, relacionamos esses dados de desempenho com aqueles sobre a condi\u00e7\u00e3o socioecon\u00f4mica. O objetivo \u00e9 evidenciar como as desigualdades de desempenho parecem aumentar quando comparamos brancos e n\u00e3o-brancos no topo da hierarquia social.<\/p>\n<p style=\"text-align: center;\"><strong>Clique na imagem abaixo para fazer o download<\/strong><\/p>\n<p style=\"text-align: center;\"><a href=\"https:\/\/gemaa.iesp.uerj.br\/wp-content\/uploads\/2014\/11\/images_publicacoes_TpD_TpD8_Gemaa.pdf\" target=\"_blank\" rel=\"noopener\"><img fetchpriority=\"high\" decoding=\"async\" src=\"https:\/\/gemaa.iesp.uerj.br\/wp-content\/uploads\/2014\/11\/images_TpD8.png\" alt=\"\" width=\"416\" height=\"542\" border=\"\" \/><\/a><\/p>\n","protected":false},"excerpt":{"rendered":"<p>O oitavo Texto para Discuss\u00e3o GEMAA analisa as desigualdades raciais dentre os inscritos no ENEM de 2012. Em rela\u00e7\u00e3o ao perfil socioecon\u00f4mico, o texto traz dados gerais sobre os inscritos, suas desigualdades de classe, condi\u00e7\u00f5es no ensino m\u00e9dio, educa\u00e7\u00e3o dos pais etc. Observamos tamb\u00e9m a taxa de participa\u00e7\u00e3o no exame de cada um dos grupos [&hellip;]<\/p>\n","protected":false},"author":12,"featured_media":0,"comment_status":"open","ping_status":"closed","sticky":false,"template":"","format":"standard","meta":{"_acf_changed":false,"wds_primary_category":504,"wds_primary_destaque":0,"footnotes":""},"categories":[504],"tags":[],"destaque":[],"tematica":[],"class_list":["post-7363","post","type-post","status-publish","format-standard","hentry","category-uncategorized"],"blocksy_meta":{"styles_descriptor":{"styles":{"desktop":"","tablet":"","mobile":""},"google_fonts":[],"version":6}},"featured_image_urls_v2":{"full":"","thumbnail":"","medium":"","medium_large":"","large":"","gs-tiny":"","xl":"","xxl":"","xxxl":"","xxxxl":"","xxxxxl":"","1536x1536":"","2048x2048":""},"post_excerpt_stackable_v2":"<p>O oitavo Texto para Discuss\u00e3o GEMAA analisa as desigualdades raciais dentre os inscritos no ENEM de 2012. Em rela\u00e7\u00e3o ao perfil socioecon\u00f4mico, o texto traz dados gerais sobre os inscritos, suas desigualdades de classe, condi\u00e7\u00f5es no ensino m\u00e9dio, educa\u00e7\u00e3o dos pais etc. Observamos tamb\u00e9m a taxa de participa\u00e7\u00e3o no exame de cada um dos grupos raciais, bem como o desempenho geral deles nas provas. Finalmente, relacionamos esses dados de desempenho com aqueles sobre a condi\u00e7\u00e3o socioecon\u00f4mica. O objetivo \u00e9 evidenciar como as desigualdades de desempenho parecem aumentar quando comparamos brancos e n\u00e3o-brancos no topo da hierarquia social. Clique na imagem&hellip;<\/p>\n","category_list_v2":"<a href=\"https:\/\/gemaa.iesp.uerj.br\/en\/category\/uncategorized\/\" rel=\"category tag\">Uncategorized<\/a>","author_info_v2":{"name":"Poema Portela","url":"https:\/\/gemaa.iesp.uerj.br\/en\/author\/poema\/"},"comments_num_v2":"0 comments","acf":[],"_links":{"self":[{"href":"https:\/\/gemaa.iesp.uerj.br\/en\/wp-json\/wp\/v2\/posts\/7363","targetHints":{"allow":["GET"]}}],"collection":[{"href":"https:\/\/gemaa.iesp.uerj.br\/en\/wp-json\/wp\/v2\/posts"}],"about":[{"href":"https:\/\/gemaa.iesp.uerj.br\/en\/wp-json\/wp\/v2\/types\/post"}],"author":[{"embeddable":true,"href":"https:\/\/gemaa.iesp.uerj.br\/en\/wp-json\/wp\/v2\/users\/12"}],"replies":[{"embeddable":true,"href":"https:\/\/gemaa.iesp.uerj.br\/en\/wp-json\/wp\/v2\/comments?post=7363"}],"version-history":[{"count":0,"href":"https:\/\/gemaa.iesp.uerj.br\/en\/wp-json\/wp\/v2\/posts\/7363\/revisions"}],"wp:attachment":[{"href":"https:\/\/gemaa.iesp.uerj.br\/en\/wp-json\/wp\/v2\/media?parent=7363"}],"wp:term":[{"taxonomy":"category","embeddable":true,"href":"https:\/\/gemaa.iesp.uerj.br\/en\/wp-json\/wp\/v2\/categories?post=7363"},{"taxonomy":"post_tag","embeddable":true,"href":"https:\/\/gemaa.iesp.uerj.br\/en\/wp-json\/wp\/v2\/tags?post=7363"},{"taxonomy":"destaque","embeddable":true,"href":"https:\/\/gemaa.iesp.uerj.br\/en\/wp-json\/wp\/v2\/destaque?post=7363"},{"taxonomy":"tematica","embeddable":true,"href":"https:\/\/gemaa.iesp.uerj.br\/en\/wp-json\/wp\/v2\/tematica?post=7363"}],"curies":[{"name":"wp","href":"https:\/\/api.w.org\/{rel}","templated":true}]}}