{"id":7361,"date":"2015-04-28T16:37:27","date_gmt":"2015-04-28T16:37:27","guid":{"rendered":"https:\/\/gemaa.iesp.uerj.br\/uncategorized\/infografico2\/"},"modified":"2015-04-28T16:37:27","modified_gmt":"2015-04-28T16:37:27","slug":"infografico2","status":"publish","type":"post","link":"https:\/\/gemaa.iesp.uerj.br\/en\/uncategorized\/infografico2\/","title":{"rendered":"Evolu\u00e7\u00e3o das A\u00e7\u00f5es Afirmativas nas Universidades P\u00fablicas Estaduais"},"content":{"rendered":"\n<p>O Grupo de Estudos Multidisciplinares da A\u00e7\u00e3o Afirmativa faz o acompanhamento anual das a\u00e7\u00f5es afirmativas com o objetivo de registrar a evolu\u00e7\u00e3o na implementa\u00e7\u00e3o dessas pol\u00edticas e sua distribui\u00e7\u00e3o pelo territ\u00f3rio nacional. A presidenta Dilma Rousseff sancionou em 2012 o projeto de lei n\u00ba 12.711, que unificou as pol\u00edticas de a\u00e7\u00e3o afirmativa nas universidades p\u00fablicas federais. No entanto, as universidades estaduais permanecem sob jurisdi\u00e7\u00e3o de cada unidade federativa, apresentando, portanto, grande heterogeneidade de experi\u00eancias.<\/p>\n\n\n\n<p>Em raz\u00e3o disso, o presente infogr\u00e1fico apresenta a evolu\u00e7\u00e3o das a\u00e7\u00f5es afirmativas nas universidades p\u00fablicas estaduais entre 2013 e 2014. Os dados foram obtidos a partir da coleta, sistematiza\u00e7\u00e3o e an\u00e1lise das informa\u00e7\u00f5es a respeito da disponibiliza\u00e7\u00e3o de vagas e de cotas para diferentes grupos de benefici\u00e1rios presentes nos editais de vestibular, manuais de candidatos e termos de ades\u00e3o ao SISU das 58 universidades estaduais brasileiras.<\/p>\n\n\n\n<p>A compara\u00e7\u00e3o entre esses anos sinaliza que em 2014 o n\u00famero de vagas ofertadas e reservadas aumentou. A reserva de vagas para estudantes de escolas p\u00fablicas e de baixa renda tamb\u00e9m sofreu um incremento, passando de 15,8% do total de vagas ofertadas, em 2013, para 17,8%, em 2014. No caso do grupo de benefici\u00e1rios que corresponde aos pretos, partos e ind\u00edgenas, o aumento foi de 10% para 11,6%. Na categoria \u201coutros\u201d, que dimensiona a reserva de vagas para outros grupos de benefici\u00e1rios, tais como quilombolas, deficientes, nativos do estado etc, o aumento foi de 0,9% para 3,5%. De uma maneira geral, a regi\u00e3o que mais reserva vagas \u00e9 a Centro-Oeste, seguida por Norte, Nordeste, Sul e Sudeste. A regi\u00e3o Sudeste \u00e9, portanto, aquela que menos reserva vagas para estudantes cotistas. Essa discrep\u00e2ncia em rela\u00e7\u00e3o \u00e0s outras regi\u00f5es deve-se em grande medida \u00e0 resist\u00eancia de duas grandes universidades paulistas \u2013 USP e UNICAMP \u2013 em adotar cotas. Como elas respondem por 45% das vagas ofertadas na regi\u00e3o, isso faz com que sua relut\u00e2ncia em aderir \u00e0s a\u00e7\u00f5es afirmativa tenha impacto sobre a oferta de vagas reservadas.<\/p>\n\n\n\n<p>O agregado dos dados de todas as universidades estaduais do territ\u00f3rio nacional mostra que, entre 2013 e 2014, o n\u00famero de vagas ofertadas aumentou 3,2% e o n\u00famero total de vagas reservadas aumentou 27%. Em rela\u00e7\u00e3o aos grupos de benefici\u00e1rios, o aumento de vagas reservadas para estudantes de escolas p\u00fablicas e de baixa renda foi de 15,9%. Para pretos, pardos e ind\u00edgenas foi de 19,3%. E, por fim, a reserva de vagas para outros tipos de benefici\u00e1rios aumentou 314%.<\/p>\n\n\n\n<p><strong style=\"text-align: center; line-height: 1.3em;\">&nbsp;<\/strong><\/p>\n\n\n\n<figure class=\"wp-block-image size-large\"><img decoding=\"async\" src=\"https:\/\/gemaa.iesp.uerj.br\/wp-content\/uploads\/2018\/03\/Infografico_AF-scaled.jpeg\" alt=\"\"\/><\/figure>\n","protected":false},"excerpt":{"rendered":"<p>O Grupo de Estudos Multidisciplinares da A\u00e7\u00e3o Afirmativa faz o acompanhamento anual das a\u00e7\u00f5es afirmativas com o objetivo de registrar a evolu\u00e7\u00e3o na implementa\u00e7\u00e3o dessas pol\u00edticas e sua distribui\u00e7\u00e3o pelo territ\u00f3rio nacional. A presidenta Dilma Rousseff sancionou em 2012 o projeto de lei n\u00ba 12.711, que unificou as pol\u00edticas de a\u00e7\u00e3o afirmativa nas universidades p\u00fablicas [&hellip;]<\/p>\n","protected":false},"author":12,"featured_media":0,"comment_status":"open","ping_status":"closed","sticky":false,"template":"","format":"standard","meta":{"_acf_changed":false,"wds_primary_category":504,"wds_primary_destaque":0,"footnotes":""},"categories":[504],"tags":[],"destaque":[],"tematica":[],"class_list":["post-7361","post","type-post","status-publish","format-standard","hentry","category-uncategorized"],"blocksy_meta":{"styles_descriptor":{"styles":{"desktop":"","tablet":"","mobile":""},"google_fonts":[],"version":6}},"featured_image_urls_v2":{"full":"","thumbnail":"","medium":"","medium_large":"","large":"","gs-tiny":"","xl":"","xxl":"","xxxl":"","xxxxl":"","xxxxxl":"","1536x1536":"","2048x2048":""},"post_excerpt_stackable_v2":"<p>O Grupo de Estudos Multidisciplinares da A\u00e7\u00e3o Afirmativa faz o acompanhamento anual das a\u00e7\u00f5es afirmativas com o objetivo de registrar a evolu\u00e7\u00e3o na implementa\u00e7\u00e3o dessas pol\u00edticas e sua distribui\u00e7\u00e3o pelo territ\u00f3rio nacional. A presidenta Dilma Rousseff sancionou em 2012 o projeto de lei n\u00ba 12.711, que unificou as pol\u00edticas de a\u00e7\u00e3o afirmativa nas universidades p\u00fablicas federais. No entanto, as universidades estaduais permanecem sob jurisdi\u00e7\u00e3o de cada unidade federativa, apresentando, portanto, grande heterogeneidade de experi\u00eancias. Em raz\u00e3o disso, o presente infogr\u00e1fico apresenta a evolu\u00e7\u00e3o das a\u00e7\u00f5es afirmativas nas universidades p\u00fablicas estaduais entre 2013 e 2014. Os dados foram obtidos a partir&hellip;<\/p>\n","category_list_v2":"<a href=\"https:\/\/gemaa.iesp.uerj.br\/en\/category\/uncategorized\/\" rel=\"category tag\">Uncategorized<\/a>","author_info_v2":{"name":"Poema Portela","url":"https:\/\/gemaa.iesp.uerj.br\/en\/author\/poema\/"},"comments_num_v2":"0 comments","acf":[],"_links":{"self":[{"href":"https:\/\/gemaa.iesp.uerj.br\/en\/wp-json\/wp\/v2\/posts\/7361","targetHints":{"allow":["GET"]}}],"collection":[{"href":"https:\/\/gemaa.iesp.uerj.br\/en\/wp-json\/wp\/v2\/posts"}],"about":[{"href":"https:\/\/gemaa.iesp.uerj.br\/en\/wp-json\/wp\/v2\/types\/post"}],"author":[{"embeddable":true,"href":"https:\/\/gemaa.iesp.uerj.br\/en\/wp-json\/wp\/v2\/users\/12"}],"replies":[{"embeddable":true,"href":"https:\/\/gemaa.iesp.uerj.br\/en\/wp-json\/wp\/v2\/comments?post=7361"}],"version-history":[{"count":0,"href":"https:\/\/gemaa.iesp.uerj.br\/en\/wp-json\/wp\/v2\/posts\/7361\/revisions"}],"wp:attachment":[{"href":"https:\/\/gemaa.iesp.uerj.br\/en\/wp-json\/wp\/v2\/media?parent=7361"}],"wp:term":[{"taxonomy":"category","embeddable":true,"href":"https:\/\/gemaa.iesp.uerj.br\/en\/wp-json\/wp\/v2\/categories?post=7361"},{"taxonomy":"post_tag","embeddable":true,"href":"https:\/\/gemaa.iesp.uerj.br\/en\/wp-json\/wp\/v2\/tags?post=7361"},{"taxonomy":"destaque","embeddable":true,"href":"https:\/\/gemaa.iesp.uerj.br\/en\/wp-json\/wp\/v2\/destaque?post=7361"},{"taxonomy":"tematica","embeddable":true,"href":"https:\/\/gemaa.iesp.uerj.br\/en\/wp-json\/wp\/v2\/tematica?post=7361"}],"curies":[{"name":"wp","href":"https:\/\/api.w.org\/{rel}","templated":true}]}}