{"id":7359,"date":"2015-07-29T13:31:48","date_gmt":"2015-07-29T13:31:48","guid":{"rendered":"https:\/\/gemaa.iesp.uerj.br\/uncategorized\/9-o-programa-de-inclusao-social-da-usp-inclusp\/"},"modified":"2015-07-29T13:31:48","modified_gmt":"2015-07-29T13:31:48","slug":"9-o-programa-de-inclusao-social-da-usp-inclusp","status":"publish","type":"post","link":"https:\/\/gemaa.iesp.uerj.br\/en\/uncategorized\/9-o-programa-de-inclusao-social-da-usp-inclusp\/","title":{"rendered":"9 &#8211; O Programa de Inclus\u00e3o Social da USP (INCLUSP)"},"content":{"rendered":"<p style=\"text-align: justify;\">O Grupo de Estudos Multidisciplinares da A\u00e7\u00e3o Afirmativa (GEMAA), do Instituto de Estudos Sociais e Pol\u00edticos da UERJ (IESP-UERJ) publica o seu Texto para Discuss\u00e3o 9 sobre o Programa de Inclus\u00e3o Social da USP (INCLUSP). O objetivo \u00e9 avaliar o INCLUSP e analisar em que medida as desigualdades de sociais e de ra\u00e7a permanecem presentes no vestibular para ingresso nos cursos de gradua\u00e7\u00e3o da Universidade de S\u00e3o Paulo. Como o texto demonstra, o n\u00famero de alunos que cursaram o ensino m\u00e9dio em escola p\u00fablica na USP no per\u00edodo de 2007 a 2015 evoluiu muito pouco e percentual de alunos pretos e pardos tamb\u00e9m se encontram incompat\u00edveis com sua presen\u00e7a na sociedade brasileira.<\/p>\n<p style=\"text-align: center;\"><strong>Clique na imagem abaixo para fazer o download<\/strong><\/p>\n<p style=\"text-align: center;\"><a href=\"https:\/\/gemaa.iesp.uerj.br\/wp-content\/uploads\/2018\/03\/TpD9.pdf\" target=\"_blank\" rel=\"noopener\"><img fetchpriority=\"high\" decoding=\"async\" src=\"https:\/\/gemaa.iesp.uerj.br\/wp-content\/uploads\/2015\/07\/images_tpd9.png\" alt=\"\" width=\"423\" height=\"542\" border=\"\" \/><\/a><\/p>\n","protected":false},"excerpt":{"rendered":"<p>O Grupo de Estudos Multidisciplinares da A\u00e7\u00e3o Afirmativa (GEMAA), do Instituto de Estudos Sociais e Pol\u00edticos da UERJ (IESP-UERJ) publica o seu Texto para Discuss\u00e3o 9 sobre o Programa de Inclus\u00e3o Social da USP (INCLUSP). O objetivo \u00e9 avaliar o INCLUSP e analisar em que medida as desigualdades de sociais e de ra\u00e7a permanecem presentes [&hellip;]<\/p>\n","protected":false},"author":12,"featured_media":0,"comment_status":"open","ping_status":"closed","sticky":false,"template":"","format":"standard","meta":{"_acf_changed":false,"wds_primary_category":504,"wds_primary_destaque":0,"footnotes":""},"categories":[504],"tags":[],"destaque":[],"tematica":[],"class_list":["post-7359","post","type-post","status-publish","format-standard","hentry","category-uncategorized"],"blocksy_meta":{"styles_descriptor":{"styles":{"desktop":"","tablet":"","mobile":""},"google_fonts":[],"version":6}},"featured_image_urls_v2":{"full":"","thumbnail":"","medium":"","medium_large":"","large":"","gs-tiny":"","xl":"","xxl":"","xxxl":"","xxxxl":"","xxxxxl":"","1536x1536":"","2048x2048":""},"post_excerpt_stackable_v2":"<p>O Grupo de Estudos Multidisciplinares da A\u00e7\u00e3o Afirmativa (GEMAA), do Instituto de Estudos Sociais e Pol\u00edticos da UERJ (IESP-UERJ) publica o seu Texto para Discuss\u00e3o 9 sobre o Programa de Inclus\u00e3o Social da USP (INCLUSP). O objetivo \u00e9 avaliar o INCLUSP e analisar em que medida as desigualdades de sociais e de ra\u00e7a permanecem presentes no vestibular para ingresso nos cursos de gradua\u00e7\u00e3o da Universidade de S\u00e3o Paulo. Como o texto demonstra, o n\u00famero de alunos que cursaram o ensino m\u00e9dio em escola p\u00fablica na USP no per\u00edodo de 2007 a 2015 evoluiu muito pouco e percentual de alunos pretos&hellip;<\/p>\n","category_list_v2":"<a href=\"https:\/\/gemaa.iesp.uerj.br\/en\/category\/uncategorized\/\" rel=\"category tag\">Uncategorized<\/a>","author_info_v2":{"name":"Poema Portela","url":"https:\/\/gemaa.iesp.uerj.br\/en\/author\/poema\/"},"comments_num_v2":"0 comments","acf":[],"_links":{"self":[{"href":"https:\/\/gemaa.iesp.uerj.br\/en\/wp-json\/wp\/v2\/posts\/7359","targetHints":{"allow":["GET"]}}],"collection":[{"href":"https:\/\/gemaa.iesp.uerj.br\/en\/wp-json\/wp\/v2\/posts"}],"about":[{"href":"https:\/\/gemaa.iesp.uerj.br\/en\/wp-json\/wp\/v2\/types\/post"}],"author":[{"embeddable":true,"href":"https:\/\/gemaa.iesp.uerj.br\/en\/wp-json\/wp\/v2\/users\/12"}],"replies":[{"embeddable":true,"href":"https:\/\/gemaa.iesp.uerj.br\/en\/wp-json\/wp\/v2\/comments?post=7359"}],"version-history":[{"count":0,"href":"https:\/\/gemaa.iesp.uerj.br\/en\/wp-json\/wp\/v2\/posts\/7359\/revisions"}],"wp:attachment":[{"href":"https:\/\/gemaa.iesp.uerj.br\/en\/wp-json\/wp\/v2\/media?parent=7359"}],"wp:term":[{"taxonomy":"category","embeddable":true,"href":"https:\/\/gemaa.iesp.uerj.br\/en\/wp-json\/wp\/v2\/categories?post=7359"},{"taxonomy":"post_tag","embeddable":true,"href":"https:\/\/gemaa.iesp.uerj.br\/en\/wp-json\/wp\/v2\/tags?post=7359"},{"taxonomy":"destaque","embeddable":true,"href":"https:\/\/gemaa.iesp.uerj.br\/en\/wp-json\/wp\/v2\/destaque?post=7359"},{"taxonomy":"tematica","embeddable":true,"href":"https:\/\/gemaa.iesp.uerj.br\/en\/wp-json\/wp\/v2\/tematica?post=7359"}],"curies":[{"name":"wp","href":"https:\/\/api.w.org\/{rel}","templated":true}]}}