{"id":7358,"date":"2015-10-01T12:52:11","date_gmt":"2015-10-01T12:52:11","guid":{"rendered":"https:\/\/gemaa.iesp.uerj.br\/uncategorized\/festival-do-rio-perfil-da-diversidade-de-raca-e-genero\/"},"modified":"2015-10-01T12:52:11","modified_gmt":"2015-10-01T12:52:11","slug":"festival-do-rio-perfil-da-diversidade-de-raca-e-genero","status":"publish","type":"post","link":"https:\/\/gemaa.iesp.uerj.br\/en\/uncategorized\/festival-do-rio-perfil-da-diversidade-de-raca-e-genero\/","title":{"rendered":"Festival do Rio &#8211; Perfil da Diversidade de Ra\u00e7a e G\u00eanero"},"content":{"rendered":"<div style=\"text-align: justify;\">Como pesquisa do GEMAA j\u00e1 mostrou no <a href=\"https:\/\/gemaa.iesp.uerj.br\/textos-para-discussao\/6-a-cara-do-cinema-nacional-genero-e-cor-dos-atores-diretores-e-roteiristas-dos-filmes-brasileiros-2002-2012\/\" target=\"_blank\" rel=\"noopener noreferrer\">Texto para Discuss\u00e3o 6<\/a>, na produ\u00e7\u00e3o audiovisual homens brancos s\u00e3o absolutamente dominantes no \u00e2mbito das fun\u00e7\u00f5es mais importantes \u2013 dire\u00e7\u00e3o, roteiro e atua\u00e7\u00e3o. Ademais, os filmes tendem a reproduzir estere\u00f3tipos para os grupos marginalizados. Isto \u00e9, ainda que o mercado do cinema no Brasil esteja em franca expans\u00e3o, a diversidade da popula\u00e7\u00e3o brasileira n\u00e3o \u00e9 transposta para a produ\u00e7\u00e3o, ainda que o cinema no Brasil conte com alta subven\u00e7\u00e3o do Estado, ou seja, com dinheiro p\u00fablico.<\/div>\n<div style=\"text-align: justify;\"><\/div>\n<div style=\"text-align: justify;\">No presente infogr\u00e1fico mostramos que esse problema tamb\u00e9m est\u00e1 presente nos filmes selecionados para o Festival do Rio. O mais importante dos festivais de cinema em territ\u00f3rio nacional tamb\u00e9m se beneficia de investimentos p\u00fablicos e \u00e9 um campo privilegiado para as obras autorais. O g\u00eanero masculino perfaz 78% da dire\u00e7\u00e3o dos filmes na programa\u00e7\u00e3o deste ano. No gr\u00e1fico n\u00e3o foram computadas as produ\u00e7\u00f5es em coautoria e nem os curtas.<\/div>\n<div style=\"text-align: justify;\"><\/div>\n<div style=\"text-align: justify;\">Em rela\u00e7\u00e3o a vari\u00e1vel cor, constatamos que os negros (pretos e pardos) aparecem severamente sub-representados, perfazendo apenas 7% da dire\u00e7\u00e3o de todos os filmes selecionados. Os diretores da \u00c1sia n\u00e3o foram classificados como brancos ou negros, pois o continente ficou em grande medida alheio ao tr\u00e1fico de escravos africanos. A predomin\u00e2ncia dos brancos no resto do mundo \u00e9 de 83%, e como podemos notar no mapa, ela varia pouco de acordo com o continente origin\u00e1rio dos diretores. No caso da Am\u00e9rica do Norte, 90% da dire\u00e7\u00e3o das obras \u00e9 de brancos. Em seguida, a Am\u00e9rica Central e a Am\u00e9rica do Sul apresentam 91% de indiv\u00edduos de cor branca nessa fun\u00e7\u00e3o. Por fim, a Europa e a Oceania s\u00e3o integralmente representadas por diretores brancos. Cabe notar que o continente africano teve apenas dois diretores na mostra, ambos negros.<\/div>\n<div style=\"text-align: justify;\"><\/div>\n<div style=\"text-align: justify;\">A compara\u00e7\u00e3o entre Brasil e Estados Unidos \u00e9 importante por alguns fatores. O Brasil \u00e9 o pa\u00eds sede do evento e tem 51% da sua popula\u00e7\u00e3o negra. De outro lado, os Estados Unidos representam o pa\u00eds com o maior n\u00famero de obras no festival e tem 13% de sua popula\u00e7\u00e3o composta por negros. O c\u00e1lculo do \u00edndice de representa\u00e7\u00e3o nesses pa\u00edses serve para constatarmos em que medida h\u00e1 inclus\u00e3o para determinados grupos em \u00e1reas espec\u00edficas. Para tal, estabelecemos a raz\u00e3o entre a porcentagem de diretores negros em cada pa\u00eds e a propor\u00e7\u00e3o de negros na popula\u00e7\u00e3o do pa\u00eds. Com isso, podemos evidenciar a exclus\u00e3o dos negros nesse \u00e2mbito no Brasil.<\/div>\n<div style=\"text-align: justify;\"><\/div>\n<div style=\"text-align: justify;\">De uma maneira geral, conclu\u00edmos a sub-representa\u00e7\u00e3o dos negros e das mulheres, com especial aten\u00e7\u00e3o para o fato de que, em todos os filmes computados na amostra, apenas uma das diretoras era negra.<\/div>\n<p style=\"font-size: 12.1599998474121px; line-height: 15.8079996109009px;\"><strong style=\"text-align: center; line-height: 1.3em;\">\u00a0<\/strong><\/p>\n<h2 style=\"text-align: center;\"><img fetchpriority=\"high\" decoding=\"async\" class=\" size-full wp-image-315\" style=\"border: 0;\" src=\"https:\/\/gemaa.iesp.uerj.br\/wp-content\/uploads\/2015\/10\/images_publicacoes_infograficos_Infografico_Cinema2.jpeg\" width=\"700\" height=\"2800\" border=\"0\" \/><\/h2>\n","protected":false},"excerpt":{"rendered":"<p>Como pesquisa do GEMAA j\u00e1 mostrou no Texto para Discuss\u00e3o 6, na produ\u00e7\u00e3o audiovisual homens brancos s\u00e3o absolutamente dominantes no \u00e2mbito das fun\u00e7\u00f5es mais importantes \u2013 dire\u00e7\u00e3o, roteiro e atua\u00e7\u00e3o. Ademais, os filmes tendem a reproduzir estere\u00f3tipos para os grupos marginalizados. Isto \u00e9, ainda que o mercado do cinema no Brasil esteja em franca expans\u00e3o, [&hellip;]<\/p>\n","protected":false},"author":12,"featured_media":0,"comment_status":"open","ping_status":"closed","sticky":false,"template":"","format":"standard","meta":{"_acf_changed":false,"wds_primary_category":504,"wds_primary_destaque":0,"footnotes":""},"categories":[504],"tags":[],"destaque":[],"tematica":[],"class_list":["post-7358","post","type-post","status-publish","format-standard","hentry","category-uncategorized"],"blocksy_meta":{"styles_descriptor":{"styles":{"desktop":"","tablet":"","mobile":""},"google_fonts":[],"version":6}},"featured_image_urls_v2":{"full":"","thumbnail":"","medium":"","medium_large":"","large":"","gs-tiny":"","xl":"","xxl":"","xxxl":"","xxxxl":"","xxxxxl":"","1536x1536":"","2048x2048":""},"post_excerpt_stackable_v2":"<p>Como pesquisa do GEMAA j\u00e1 mostrou no Texto para Discuss\u00e3o 6, na produ\u00e7\u00e3o audiovisual homens brancos s\u00e3o absolutamente dominantes no \u00e2mbito das fun\u00e7\u00f5es mais importantes \u2013 dire\u00e7\u00e3o, roteiro e atua\u00e7\u00e3o. Ademais, os filmes tendem a reproduzir estere\u00f3tipos para os grupos marginalizados. Isto \u00e9, ainda que o mercado do cinema no Brasil esteja em franca expans\u00e3o, a diversidade da popula\u00e7\u00e3o brasileira n\u00e3o \u00e9 transposta para a produ\u00e7\u00e3o, ainda que o cinema no Brasil conte com alta subven\u00e7\u00e3o do Estado, ou seja, com dinheiro p\u00fablico. No presente infogr\u00e1fico mostramos que esse problema tamb\u00e9m est\u00e1 presente nos filmes selecionados para o Festival do&hellip;<\/p>\n","category_list_v2":"<a href=\"https:\/\/gemaa.iesp.uerj.br\/en\/category\/uncategorized\/\" rel=\"category tag\">Uncategorized<\/a>","author_info_v2":{"name":"Poema Portela","url":"https:\/\/gemaa.iesp.uerj.br\/en\/author\/poema\/"},"comments_num_v2":"0 comments","acf":[],"_links":{"self":[{"href":"https:\/\/gemaa.iesp.uerj.br\/en\/wp-json\/wp\/v2\/posts\/7358","targetHints":{"allow":["GET"]}}],"collection":[{"href":"https:\/\/gemaa.iesp.uerj.br\/en\/wp-json\/wp\/v2\/posts"}],"about":[{"href":"https:\/\/gemaa.iesp.uerj.br\/en\/wp-json\/wp\/v2\/types\/post"}],"author":[{"embeddable":true,"href":"https:\/\/gemaa.iesp.uerj.br\/en\/wp-json\/wp\/v2\/users\/12"}],"replies":[{"embeddable":true,"href":"https:\/\/gemaa.iesp.uerj.br\/en\/wp-json\/wp\/v2\/comments?post=7358"}],"version-history":[{"count":0,"href":"https:\/\/gemaa.iesp.uerj.br\/en\/wp-json\/wp\/v2\/posts\/7358\/revisions"}],"wp:attachment":[{"href":"https:\/\/gemaa.iesp.uerj.br\/en\/wp-json\/wp\/v2\/media?parent=7358"}],"wp:term":[{"taxonomy":"category","embeddable":true,"href":"https:\/\/gemaa.iesp.uerj.br\/en\/wp-json\/wp\/v2\/categories?post=7358"},{"taxonomy":"post_tag","embeddable":true,"href":"https:\/\/gemaa.iesp.uerj.br\/en\/wp-json\/wp\/v2\/tags?post=7358"},{"taxonomy":"destaque","embeddable":true,"href":"https:\/\/gemaa.iesp.uerj.br\/en\/wp-json\/wp\/v2\/destaque?post=7358"},{"taxonomy":"tematica","embeddable":true,"href":"https:\/\/gemaa.iesp.uerj.br\/en\/wp-json\/wp\/v2\/tematica?post=7358"}],"curies":[{"name":"wp","href":"https:\/\/api.w.org\/{rel}","templated":true}]}}