{"id":7353,"date":"2016-04-25T17:09:33","date_gmt":"2016-04-25T17:09:33","guid":{"rendered":"https:\/\/gemaa.iesp.uerj.br\/uncategorized\/onze-anos-da-acao-afirmativa-sem-cota-da-unicamp\/"},"modified":"2016-04-25T17:09:33","modified_gmt":"2016-04-25T17:09:33","slug":"onze-anos-da-acao-afirmativa-sem-cota-da-unicamp","status":"publish","type":"post","link":"https:\/\/gemaa.iesp.uerj.br\/en\/uncategorized\/onze-anos-da-acao-afirmativa-sem-cota-da-unicamp\/","title":{"rendered":"11 &#8211;\u00a0Onze Anos da A\u00e7\u00e3o Afirmativa sem Cota da UNICAMP"},"content":{"rendered":"<p style=\"text-align: justify;\">O Grupo de Estudos Multidisciplinares da A\u00e7\u00e3o Afirmativa (GEMAA), do Instituto de Estudos Sociais e Pol\u00edticos da UERJ (IESP-UERJ) acaba de publicar em seu site o seu d\u00e9cimo primeiro Texto para Discuss\u00e3o: Onze anos da a\u00e7\u00e3o afirmativa sem cota da UNICAMP. Este texto \u00e9 uma avalia\u00e7\u00e3o do Programa de A\u00e7\u00e3o Afirmativa e Inclus\u00e3o Social (PAAIS) da UNICAMP durante seus primeiros 11 anos de funcionamento, particularmente no que toca seus objetivos principais, a inclus\u00e3o de alunos pretos, pardos e oriundos da escola p\u00fablica. Como os dados obtidos demonstram, o n\u00famero de candidatos aprovados que cursaram o ensino m\u00e9dio integralmente em escola p\u00fablica n\u00e3o evoluiu de forma consider\u00e1vel no per\u00edodo de 2005 a 2015, e as propor\u00e7\u00f5es de alunos pretos e pardos tamb\u00e9m n\u00e3o sofreram altera\u00e7\u00f5es significativas, permanecendo muito inferiores \u00e0s propor\u00e7\u00f5es desses grupos na sociedade brasileira ou paulista.<\/p>\n<p style=\"text-align: center;\"><strong>Clique na imagem abaixo para fazer o download<\/strong><\/p>\n<p style=\"text-align: center;\"><a href=\"https:\/\/gemaa.iesp.uerj.br\/wp-content\/uploads\/2018\/03\/TpD11.2.pdf\" target=\"_blank\" rel=\"noopener\"><img fetchpriority=\"high\" decoding=\"async\" class=\"aligncenter wp-image-328\" style=\"vertical-align: middle; border: 0;\" src=\"https:\/\/gemaa.iesp.uerj.br\/wp-content\/uploads\/2016\/04\/images_publicacoes_TpD_TpD11Capa.jpg\" alt=\"\" width=\"419\" height=\"542\" border=\"0\" \/><\/a><\/p>\n","protected":false},"excerpt":{"rendered":"<p>O Grupo de Estudos Multidisciplinares da A\u00e7\u00e3o Afirmativa (GEMAA), do Instituto de Estudos Sociais e Pol\u00edticos da UERJ (IESP-UERJ) acaba de publicar em seu site o seu d\u00e9cimo primeiro Texto para Discuss\u00e3o: Onze anos da a\u00e7\u00e3o afirmativa sem cota da UNICAMP. Este texto \u00e9 uma avalia\u00e7\u00e3o do Programa de A\u00e7\u00e3o Afirmativa e Inclus\u00e3o Social (PAAIS) [&hellip;]<\/p>\n","protected":false},"author":12,"featured_media":0,"comment_status":"open","ping_status":"closed","sticky":false,"template":"","format":"standard","meta":{"_acf_changed":false,"wds_primary_category":504,"wds_primary_destaque":0,"footnotes":""},"categories":[504],"tags":[],"destaque":[],"tematica":[],"class_list":["post-7353","post","type-post","status-publish","format-standard","hentry","category-uncategorized"],"blocksy_meta":{"styles_descriptor":{"styles":{"desktop":"","tablet":"","mobile":""},"google_fonts":[],"version":6}},"featured_image_urls_v2":{"full":"","thumbnail":"","medium":"","medium_large":"","large":"","gs-tiny":"","xl":"","xxl":"","xxxl":"","xxxxl":"","xxxxxl":"","1536x1536":"","2048x2048":""},"post_excerpt_stackable_v2":"<p>O Grupo de Estudos Multidisciplinares da A\u00e7\u00e3o Afirmativa (GEMAA), do Instituto de Estudos Sociais e Pol\u00edticos da UERJ (IESP-UERJ) acaba de publicar em seu site o seu d\u00e9cimo primeiro Texto para Discuss\u00e3o: Onze anos da a\u00e7\u00e3o afirmativa sem cota da UNICAMP. Este texto \u00e9 uma avalia\u00e7\u00e3o do Programa de A\u00e7\u00e3o Afirmativa e Inclus\u00e3o Social (PAAIS) da UNICAMP durante seus primeiros 11 anos de funcionamento, particularmente no que toca seus objetivos principais, a inclus\u00e3o de alunos pretos, pardos e oriundos da escola p\u00fablica. Como os dados obtidos demonstram, o n\u00famero de candidatos aprovados que cursaram o ensino m\u00e9dio integralmente em escola&hellip;<\/p>\n","category_list_v2":"<a href=\"https:\/\/gemaa.iesp.uerj.br\/en\/category\/uncategorized\/\" rel=\"category tag\">Uncategorized<\/a>","author_info_v2":{"name":"Poema Portela","url":"https:\/\/gemaa.iesp.uerj.br\/en\/author\/poema\/"},"comments_num_v2":"0 comments","acf":[],"_links":{"self":[{"href":"https:\/\/gemaa.iesp.uerj.br\/en\/wp-json\/wp\/v2\/posts\/7353","targetHints":{"allow":["GET"]}}],"collection":[{"href":"https:\/\/gemaa.iesp.uerj.br\/en\/wp-json\/wp\/v2\/posts"}],"about":[{"href":"https:\/\/gemaa.iesp.uerj.br\/en\/wp-json\/wp\/v2\/types\/post"}],"author":[{"embeddable":true,"href":"https:\/\/gemaa.iesp.uerj.br\/en\/wp-json\/wp\/v2\/users\/12"}],"replies":[{"embeddable":true,"href":"https:\/\/gemaa.iesp.uerj.br\/en\/wp-json\/wp\/v2\/comments?post=7353"}],"version-history":[{"count":0,"href":"https:\/\/gemaa.iesp.uerj.br\/en\/wp-json\/wp\/v2\/posts\/7353\/revisions"}],"wp:attachment":[{"href":"https:\/\/gemaa.iesp.uerj.br\/en\/wp-json\/wp\/v2\/media?parent=7353"}],"wp:term":[{"taxonomy":"category","embeddable":true,"href":"https:\/\/gemaa.iesp.uerj.br\/en\/wp-json\/wp\/v2\/categories?post=7353"},{"taxonomy":"post_tag","embeddable":true,"href":"https:\/\/gemaa.iesp.uerj.br\/en\/wp-json\/wp\/v2\/tags?post=7353"},{"taxonomy":"destaque","embeddable":true,"href":"https:\/\/gemaa.iesp.uerj.br\/en\/wp-json\/wp\/v2\/destaque?post=7353"},{"taxonomy":"tematica","embeddable":true,"href":"https:\/\/gemaa.iesp.uerj.br\/en\/wp-json\/wp\/v2\/tematica?post=7353"}],"curies":[{"name":"wp","href":"https:\/\/api.w.org\/{rel}","templated":true}]}}