{"id":7345,"date":"2016-10-21T03:08:42","date_gmt":"2016-10-21T03:08:42","guid":{"rendered":"https:\/\/gemaa.iesp.uerj.br\/uncategorized\/infografico-festival-do-rio-2016\/"},"modified":"2016-10-21T03:08:42","modified_gmt":"2016-10-21T03:08:42","slug":"infografico-festival-do-rio-2016","status":"publish","type":"post","link":"https:\/\/gemaa.iesp.uerj.br\/en\/uncategorized\/infografico-festival-do-rio-2016\/","title":{"rendered":"Infogr\u00e1fico &#8211; Festival do Rio 2016"},"content":{"rendered":"<p><em>Festival do Rio 2016<\/em> \u00e9 o terceiro de uma s\u00e9rie de infogr\u00e1ficos do GEMAA* que descrevem a distribui\u00e7\u00e3o de g\u00eanero, ra\u00e7a e regi\u00e3o em grandes eventos culturais. Festivais e premia\u00e7\u00f5es s\u00e3o fontes importantes de aquisi\u00e7\u00e3o de prest\u00edgio para a produ\u00e7\u00e3o art\u00edstica. Seja no cinema ou na literatura, o perfil predominante de contemplados em boa parte destes eventos \u00e9 o mesmo: masculino, branco e europeu. Se j\u00e1 \u00e9 preocupante isso acontecer no Pr\u00eamio Nobel de Literatura, organizado pela academia sueca, \u00e9 ainda mais dram\u00e1tico que o mesmo padr\u00e3o se repita no Festival do Rio**, que transcorre em territ\u00f3rio brasileiro.<\/p>\n<div style=\"text-align: justify;\">\n<p>Os europeus representam 34% dos\/as diretores\/as que participaram do Festival, seguidos das pessoas provenientes da Am\u00e9rica Central e do Sul (31%), da Am\u00e9rica do Norte (22%), da \u00c1sia (8,5%), da \u00c1frica e da Oceania, ambas com 2%. No que diz respeito \u00e0 intera\u00e7\u00e3o entre ra\u00e7a e regi\u00e3o geogr\u00e1fica, a propor\u00e7\u00e3o de diretores brancos de lugares que tiveram um passado escravocrata ou colonial \u00e9 grande: 100% na Europa, 93% na Am\u00e9rica do Norte e 92% na Am\u00e9rica do Sul e Central. O continente africano, a despeito da grande propor\u00e7\u00e3o de negros, participou com 50% de diretores brancos, contra 50% de negros.<\/p>\n<p>Entre o total de diretores e diretoras, 89% s\u00e3o de cor branca. Os asi\u00e1ticos (5%) participaram mais do Festival do que as pessoas classificadas como n\u00e3o-brancas (4%). \u00a0A compara\u00e7\u00e3o entre Brasil e Estados Unidos permite demonstrar que, mesmo partilhando do passado escravocrata, os negros do Brasil t\u00eam um \u00edndice de representa\u00e7\u00e3o muito menor (14%) do que os dos Estados Unidos (46%). Tal \u00edndice \u00e9 calculado pela raz\u00e3o entre a porcentagem de filmes dirigidos por negros (7% no Brasil e 6% nos EUA) e a sua propor\u00e7\u00e3o na popula\u00e7\u00e3o do pa\u00eds (51% no Brasil e 13% nos EUA).<\/p>\n<p>Por fim, no que toca a representa\u00e7\u00e3o de g\u00eanero, 78% dos diretores s\u00e3o homens e, consequentemente, 22% mulheres. Os homens dirigem mais tramas de fic\u00e7\u00e3o (65%). Em segundo lugar v\u00eam os document\u00e1rios (34%) e depois anima\u00e7\u00e3o (1%). J\u00e1 as mulheres dirigem mais document\u00e1rios (66%) do que longas de fic\u00e7\u00e3o (42%) e anima\u00e7\u00e3o (2%). Contudo, no total geral de document\u00e1rios os homens s\u00e3o maioria (69%) contra 31% de mulheres. Este dado contribui para a lan\u00e7ar d\u00favida sobre o senso comum que atribui dom\u00ednio feminino no campo dos document\u00e1rios.<\/p>\n<p>Nos dias de hoje, a diversidade humana \u00e9 objeto de conflitos pol\u00edticos e demandas das mais variadas por reconhecimento e toler\u00e2ncia. N\u00e3o h\u00e1 neutralidade nesse assunto e as escolhas feitas por institui\u00e7\u00f5es p\u00fablicas e privadas devem ser julgadas de acordo com seus resultados em termos de representa\u00e7\u00e3o ou inviabiliza\u00e7\u00e3o de grupos humanos.<\/p>\n<\/div>\n<div style=\"text-align: center;\"><img fetchpriority=\"high\" decoding=\"async\" class=\"alignnone size-large wp-image-511\" src=\"https:\/\/gemaa.iesp.uerj.br\/wp-content\/uploads\/2016\/10\/festival-do-rio_17286231_c8262eb183f40546658f94ada0c6c5903e010920-948x1024.jpeg\" alt=\"festival-do-rio_17286231_c8262eb183f40546658f94ada0c6c5903e010920\" width=\"948\" height=\"1024\" \/><\/p>\n<p>*\u00a0<em>Festival do Rio 2015<\/em>. Dispon\u00edvel em:\u00a0<a href=\"https:\/\/gemaa.iesp.uerj.br\/publicacoes\/infografico\/infografico4.html\" class=\"broken_link\">https:\/\/gemaa.iesp.uerj.br\/publicacoes\/infografico\/infografico4.html<\/a><\/p>\n<p><em>Pr\u00eamio Nobel de Literatura (1901-2016)<\/em>. Dispon\u00edvel em:\u00a0<a href=\"https:\/\/gemaa.iesp.uerj.br\/publicacoes\/infografico\/infografico9.html\" class=\"broken_link\">https:\/\/gemaa.iesp.uerj.br\/publicacoes\/infografico\/infografico9.html<\/a><\/p>\n<p>**O Festival do Rio ocorreu entre os dias 06 e 16 de outubro de 2016. Consulte a programa\u00e7\u00e3o em:\u00a0<a href=\"http:\/\/www.festivaldorio.com.br\/\">http:\/\/www.festivaldorio.com.br\/<\/a><\/p>\n<\/div>\n","protected":false},"excerpt":{"rendered":"<p>Festival do Rio 2016 \u00e9 o terceiro de uma s\u00e9rie de infogr\u00e1ficos do GEMAA* que descrevem a distribui\u00e7\u00e3o de g\u00eanero, ra\u00e7a e regi\u00e3o em grandes eventos culturais. Festivais e premia\u00e7\u00f5es s\u00e3o fontes importantes de aquisi\u00e7\u00e3o de prest\u00edgio para a produ\u00e7\u00e3o art\u00edstica. Seja no cinema ou na literatura, o perfil predominante de contemplados em boa parte [&hellip;]<\/p>\n","protected":false},"author":12,"featured_media":0,"comment_status":"open","ping_status":"closed","sticky":false,"template":"","format":"standard","meta":{"_acf_changed":false,"wds_primary_category":504,"wds_primary_destaque":0,"footnotes":""},"categories":[504],"tags":[],"destaque":[],"tematica":[],"class_list":["post-7345","post","type-post","status-publish","format-standard","hentry","category-uncategorized"],"blocksy_meta":{"styles_descriptor":{"styles":{"desktop":"","tablet":"","mobile":""},"google_fonts":[],"version":6}},"featured_image_urls_v2":{"full":"","thumbnail":"","medium":"","medium_large":"","large":"","gs-tiny":"","xl":"","xxl":"","xxxl":"","xxxxl":"","xxxxxl":"","1536x1536":"","2048x2048":""},"post_excerpt_stackable_v2":"<p>Festival do Rio 2016 \u00e9 o terceiro de uma s\u00e9rie de infogr\u00e1ficos do GEMAA* que descrevem a distribui\u00e7\u00e3o de g\u00eanero, ra\u00e7a e regi\u00e3o em grandes eventos culturais. Festivais e premia\u00e7\u00f5es s\u00e3o fontes importantes de aquisi\u00e7\u00e3o de prest\u00edgio para a produ\u00e7\u00e3o art\u00edstica. Seja no cinema ou na literatura, o perfil predominante de contemplados em boa parte destes eventos \u00e9 o mesmo: masculino, branco e europeu. Se j\u00e1 \u00e9 preocupante isso acontecer no Pr\u00eamio Nobel de Literatura, organizado pela academia sueca, \u00e9 ainda mais dram\u00e1tico que o mesmo padr\u00e3o se repita no Festival do Rio**, que transcorre em territ\u00f3rio brasileiro. Os europeus&hellip;<\/p>\n","category_list_v2":"<a href=\"https:\/\/gemaa.iesp.uerj.br\/en\/category\/uncategorized\/\" rel=\"category tag\">Uncategorized<\/a>","author_info_v2":{"name":"Poema Portela","url":"https:\/\/gemaa.iesp.uerj.br\/en\/author\/poema\/"},"comments_num_v2":"0 comments","acf":[],"_links":{"self":[{"href":"https:\/\/gemaa.iesp.uerj.br\/en\/wp-json\/wp\/v2\/posts\/7345","targetHints":{"allow":["GET"]}}],"collection":[{"href":"https:\/\/gemaa.iesp.uerj.br\/en\/wp-json\/wp\/v2\/posts"}],"about":[{"href":"https:\/\/gemaa.iesp.uerj.br\/en\/wp-json\/wp\/v2\/types\/post"}],"author":[{"embeddable":true,"href":"https:\/\/gemaa.iesp.uerj.br\/en\/wp-json\/wp\/v2\/users\/12"}],"replies":[{"embeddable":true,"href":"https:\/\/gemaa.iesp.uerj.br\/en\/wp-json\/wp\/v2\/comments?post=7345"}],"version-history":[{"count":0,"href":"https:\/\/gemaa.iesp.uerj.br\/en\/wp-json\/wp\/v2\/posts\/7345\/revisions"}],"wp:attachment":[{"href":"https:\/\/gemaa.iesp.uerj.br\/en\/wp-json\/wp\/v2\/media?parent=7345"}],"wp:term":[{"taxonomy":"category","embeddable":true,"href":"https:\/\/gemaa.iesp.uerj.br\/en\/wp-json\/wp\/v2\/categories?post=7345"},{"taxonomy":"post_tag","embeddable":true,"href":"https:\/\/gemaa.iesp.uerj.br\/en\/wp-json\/wp\/v2\/tags?post=7345"},{"taxonomy":"destaque","embeddable":true,"href":"https:\/\/gemaa.iesp.uerj.br\/en\/wp-json\/wp\/v2\/destaque?post=7345"},{"taxonomy":"tematica","embeddable":true,"href":"https:\/\/gemaa.iesp.uerj.br\/en\/wp-json\/wp\/v2\/tematica?post=7345"}],"curies":[{"name":"wp","href":"https:\/\/api.w.org\/{rel}","templated":true}]}}