{"id":7343,"date":"2016-11-01T01:52:38","date_gmt":"2016-11-01T01:52:38","guid":{"rendered":"https:\/\/gemaa.iesp.uerj.br\/uncategorized\/13-a-cara-do-cinema-nacional-genero-e-raca-nos-filmes-nacionais-de-maior-publico-1995-2014\/"},"modified":"2016-11-01T01:52:38","modified_gmt":"2016-11-01T01:52:38","slug":"13-a-cara-do-cinema-nacional-genero-e-raca-nos-filmes-nacionais-de-maior-publico-1995-2014","status":"publish","type":"post","link":"https:\/\/gemaa.iesp.uerj.br\/en\/uncategorized\/13-a-cara-do-cinema-nacional-genero-e-raca-nos-filmes-nacionais-de-maior-publico-1995-2014\/","title":{"rendered":"13 \u2013 \u201cA Cara do Cinema Nacional\u201d: G\u00eanero e Ra\u00e7a nos Filmes Nacionais de Maior P\u00fablico (1995 \u2013 2014)"},"content":{"rendered":"<p style=\"text-align: justify;\">O texto discute a representatividade de g\u00eanero e ra\u00e7a nos filmes de maior p\u00fablico do cinema brasileiro nos \u00faltimos vinte anos (1995-2014). Dando continuidade \u00e0 pesquisa sobre desigualdades nas principais fun\u00e7\u00f5es do cinema nacional (Texto para Discuss\u00e3o GEMAA n. 6), nos aprofundamos nas caracter\u00edsticas narrativas atribu\u00eddas aos diversos grupos sociais. As principais conclus\u00f5es do trabalho ressaltam a sub-representa\u00e7\u00e3o do g\u00eanero feminino e dos\u00a0pretos e pardos, sobretudo das mulheres pretas e pardas, bem como a redu\u00e7\u00e3o desses grupos a pap\u00e9is sociais espec\u00edficos.<\/p>\n<p style=\"text-align: center;\"><strong><strong>Clique na imagem abaixo para fazer o download<\/strong><\/strong><\/p>\n<p><a href=\"https:\/\/gemaa.iesp.uerj.br\/wp-content\/uploads\/2018\/03\/TpD13.pdf\"><img fetchpriority=\"high\" decoding=\"async\" class=\"aligncenter wp-image-1428\" src=\"https:\/\/gemaa.iesp.uerj.br\/wp-content\/uploads\/2018\/03\/TpD13_capa.jpg\" alt=\"\" width=\"419\" height=\"542\" \/><\/a><\/p>\n","protected":false},"excerpt":{"rendered":"<p>O texto discute a representatividade de g\u00eanero e ra\u00e7a nos filmes de maior p\u00fablico do cinema brasileiro nos \u00faltimos vinte anos (1995-2014). Dando continuidade \u00e0 pesquisa sobre desigualdades nas principais fun\u00e7\u00f5es do cinema nacional (Texto para Discuss\u00e3o GEMAA n. 6), nos aprofundamos nas caracter\u00edsticas narrativas atribu\u00eddas aos diversos grupos sociais. As principais conclus\u00f5es do trabalho [&hellip;]<\/p>\n","protected":false},"author":12,"featured_media":0,"comment_status":"open","ping_status":"closed","sticky":false,"template":"","format":"standard","meta":{"_acf_changed":false,"wds_primary_category":504,"wds_primary_destaque":0,"footnotes":""},"categories":[504],"tags":[],"destaque":[],"tematica":[],"class_list":["post-7343","post","type-post","status-publish","format-standard","hentry","category-uncategorized"],"blocksy_meta":{"styles_descriptor":{"styles":{"desktop":"","tablet":"","mobile":""},"google_fonts":[],"version":6}},"featured_image_urls_v2":{"full":"","thumbnail":"","medium":"","medium_large":"","large":"","gs-tiny":"","xl":"","xxl":"","xxxl":"","xxxxl":"","xxxxxl":"","1536x1536":"","2048x2048":""},"post_excerpt_stackable_v2":"<p>O texto discute a representatividade de g\u00eanero e ra\u00e7a nos filmes de maior p\u00fablico do cinema brasileiro nos \u00faltimos vinte anos (1995-2014). Dando continuidade \u00e0 pesquisa sobre desigualdades nas principais fun\u00e7\u00f5es do cinema nacional (Texto para Discuss\u00e3o GEMAA n. 6), nos aprofundamos nas caracter\u00edsticas narrativas atribu\u00eddas aos diversos grupos sociais. As principais conclus\u00f5es do trabalho ressaltam a sub-representa\u00e7\u00e3o do g\u00eanero feminino e dos\u00a0pretos e pardos, sobretudo das mulheres pretas e pardas, bem como a redu\u00e7\u00e3o desses grupos a pap\u00e9is sociais espec\u00edficos. Clique na imagem abaixo para fazer o download<\/p>\n","category_list_v2":"<a href=\"https:\/\/gemaa.iesp.uerj.br\/en\/category\/uncategorized\/\" rel=\"category tag\">Uncategorized<\/a>","author_info_v2":{"name":"Poema Portela","url":"https:\/\/gemaa.iesp.uerj.br\/en\/author\/poema\/"},"comments_num_v2":"0 comments","acf":[],"_links":{"self":[{"href":"https:\/\/gemaa.iesp.uerj.br\/en\/wp-json\/wp\/v2\/posts\/7343","targetHints":{"allow":["GET"]}}],"collection":[{"href":"https:\/\/gemaa.iesp.uerj.br\/en\/wp-json\/wp\/v2\/posts"}],"about":[{"href":"https:\/\/gemaa.iesp.uerj.br\/en\/wp-json\/wp\/v2\/types\/post"}],"author":[{"embeddable":true,"href":"https:\/\/gemaa.iesp.uerj.br\/en\/wp-json\/wp\/v2\/users\/12"}],"replies":[{"embeddable":true,"href":"https:\/\/gemaa.iesp.uerj.br\/en\/wp-json\/wp\/v2\/comments?post=7343"}],"version-history":[{"count":0,"href":"https:\/\/gemaa.iesp.uerj.br\/en\/wp-json\/wp\/v2\/posts\/7343\/revisions"}],"wp:attachment":[{"href":"https:\/\/gemaa.iesp.uerj.br\/en\/wp-json\/wp\/v2\/media?parent=7343"}],"wp:term":[{"taxonomy":"category","embeddable":true,"href":"https:\/\/gemaa.iesp.uerj.br\/en\/wp-json\/wp\/v2\/categories?post=7343"},{"taxonomy":"post_tag","embeddable":true,"href":"https:\/\/gemaa.iesp.uerj.br\/en\/wp-json\/wp\/v2\/tags?post=7343"},{"taxonomy":"destaque","embeddable":true,"href":"https:\/\/gemaa.iesp.uerj.br\/en\/wp-json\/wp\/v2\/destaque?post=7343"},{"taxonomy":"tematica","embeddable":true,"href":"https:\/\/gemaa.iesp.uerj.br\/en\/wp-json\/wp\/v2\/tematica?post=7343"}],"curies":[{"name":"wp","href":"https:\/\/api.w.org\/{rel}","templated":true}]}}