{"id":7341,"date":"2016-12-22T20:02:16","date_gmt":"2016-12-22T20:02:16","guid":{"rendered":"https:\/\/gemaa.iesp.uerj.br\/uncategorized\/tpd14\/"},"modified":"2016-12-22T20:02:16","modified_gmt":"2016-12-22T20:02:16","slug":"tpd14","status":"publish","type":"post","link":"https:\/\/gemaa.iesp.uerj.br\/en\/uncategorized\/tpd14\/","title":{"rendered":"14 &#8211; A Cor do ENEM 2014: Compara\u00e7\u00f5es entre o desempenho de brancos, pardos e pretos"},"content":{"rendered":"<p style=\"text-align: justify;\">Este texto discute a estratifica\u00e7\u00e3o racial e seus impactos educacionais entre os inscritos no ENEM de 2014. Com o objetivo de realizar uma an\u00e1lise socioecon\u00f4mica, exploramos dados sobre as desigualdades de classe social, renda, educa\u00e7\u00e3o dos pais e tipo de escola. Examinamos tamb\u00e9m o desempenho dos inscritos nas provas, assim como a taxa de participa\u00e7\u00e3o no ENEM de acordo com os grupos raciais, por Estado. Por fim, comparamos os dados de desempenho atrav\u00e9s das informa\u00e7\u00f5es socioecon\u00f4micas. O objetivo principal foi o de revelar as distin\u00e7\u00f5es raciais na educa\u00e7\u00e3o entre os inscritos no ENEM\u20102014.<\/p>\n<p style=\"text-align: center;\"><strong><strong>Clique na imagem abaixo para fazer o download<\/strong><\/strong><\/p>\n<p><a href=\"https:\/\/gemaa.iesp.uerj.br\/wp-content\/uploads\/2018\/03\/TpD14.pdf\" target=\"_blank\" rel=\"noopener noreferrer\"><strong><img fetchpriority=\"high\" decoding=\"async\" class=\"aligncenter\" src=\"https:\/\/gemaa.iesp.uerj.br\/wp-content\/uploads\/2016\/12\/0001.jpg\" alt=\"\" width=\"416\" height=\"542\" border=\"0\" \/><\/strong><\/a><\/p>\n","protected":false},"excerpt":{"rendered":"<p>Este texto discute a estratifica\u00e7\u00e3o racial e seus impactos educacionais entre os inscritos no ENEM de 2014. Com o objetivo de realizar uma an\u00e1lise socioecon\u00f4mica, exploramos dados sobre as desigualdades de classe social, renda, educa\u00e7\u00e3o dos pais e tipo de escola. Examinamos tamb\u00e9m o desempenho dos inscritos nas provas, assim como a taxa de participa\u00e7\u00e3o [&hellip;]<\/p>\n","protected":false},"author":3,"featured_media":0,"comment_status":"open","ping_status":"closed","sticky":false,"template":"","format":"standard","meta":{"_acf_changed":false,"wds_primary_category":504,"wds_primary_destaque":0,"footnotes":""},"categories":[504],"tags":[],"destaque":[],"tematica":[],"class_list":["post-7341","post","type-post","status-publish","format-standard","hentry","category-uncategorized"],"blocksy_meta":{"styles_descriptor":{"styles":{"desktop":"","tablet":"","mobile":""},"google_fonts":[],"version":6}},"featured_image_urls_v2":{"full":"","thumbnail":"","medium":"","medium_large":"","large":"","gs-tiny":"","xl":"","xxl":"","xxxl":"","xxxxl":"","xxxxxl":"","1536x1536":"","2048x2048":""},"post_excerpt_stackable_v2":"<p>Este texto discute a estratifica\u00e7\u00e3o racial e seus impactos educacionais entre os inscritos no ENEM de 2014. Com o objetivo de realizar uma an\u00e1lise socioecon\u00f4mica, exploramos dados sobre as desigualdades de classe social, renda, educa\u00e7\u00e3o dos pais e tipo de escola. Examinamos tamb\u00e9m o desempenho dos inscritos nas provas, assim como a taxa de participa\u00e7\u00e3o no ENEM de acordo com os grupos raciais, por Estado. Por fim, comparamos os dados de desempenho atrav\u00e9s das informa\u00e7\u00f5es socioecon\u00f4micas. O objetivo principal foi o de revelar as distin\u00e7\u00f5es raciais na educa\u00e7\u00e3o entre os inscritos no ENEM\u20102014. Clique na imagem abaixo para fazer o&hellip;<\/p>\n","category_list_v2":"<a href=\"https:\/\/gemaa.iesp.uerj.br\/en\/category\/uncategorized\/\" rel=\"category tag\">Uncategorized<\/a>","author_info_v2":{"name":"clayton","url":"https:\/\/gemaa.iesp.uerj.br\/en\/author\/clayton\/"},"comments_num_v2":"0 comments","acf":[],"_links":{"self":[{"href":"https:\/\/gemaa.iesp.uerj.br\/en\/wp-json\/wp\/v2\/posts\/7341","targetHints":{"allow":["GET"]}}],"collection":[{"href":"https:\/\/gemaa.iesp.uerj.br\/en\/wp-json\/wp\/v2\/posts"}],"about":[{"href":"https:\/\/gemaa.iesp.uerj.br\/en\/wp-json\/wp\/v2\/types\/post"}],"author":[{"embeddable":true,"href":"https:\/\/gemaa.iesp.uerj.br\/en\/wp-json\/wp\/v2\/users\/3"}],"replies":[{"embeddable":true,"href":"https:\/\/gemaa.iesp.uerj.br\/en\/wp-json\/wp\/v2\/comments?post=7341"}],"version-history":[{"count":0,"href":"https:\/\/gemaa.iesp.uerj.br\/en\/wp-json\/wp\/v2\/posts\/7341\/revisions"}],"wp:attachment":[{"href":"https:\/\/gemaa.iesp.uerj.br\/en\/wp-json\/wp\/v2\/media?parent=7341"}],"wp:term":[{"taxonomy":"category","embeddable":true,"href":"https:\/\/gemaa.iesp.uerj.br\/en\/wp-json\/wp\/v2\/categories?post=7341"},{"taxonomy":"post_tag","embeddable":true,"href":"https:\/\/gemaa.iesp.uerj.br\/en\/wp-json\/wp\/v2\/tags?post=7341"},{"taxonomy":"destaque","embeddable":true,"href":"https:\/\/gemaa.iesp.uerj.br\/en\/wp-json\/wp\/v2\/destaque?post=7341"},{"taxonomy":"tematica","embeddable":true,"href":"https:\/\/gemaa.iesp.uerj.br\/en\/wp-json\/wp\/v2\/tematica?post=7341"}],"curies":[{"name":"wp","href":"https:\/\/api.w.org\/{rel}","templated":true}]}}