{"id":7340,"date":"2017-04-01T17:11:57","date_gmt":"2017-04-01T17:11:57","guid":{"rendered":"https:\/\/gemaa.iesp.uerj.br\/uncategorized\/boletim-gemaa-perfil-do-cinema-brasileiro-1995-2016\/"},"modified":"2017-04-01T17:11:57","modified_gmt":"2017-04-01T17:11:57","slug":"boletim-gemaa-perfil-do-cinema-brasileiro-1995-2016","status":"publish","type":"post","link":"https:\/\/gemaa.iesp.uerj.br\/en\/uncategorized\/boletim-gemaa-perfil-do-cinema-brasileiro-1995-2016\/","title":{"rendered":"Boletim GEMAA 1: Perfil do Cinema Brasileiro (1995-2016)"},"content":{"rendered":"\n<p>Este boletim apresenta o perfil de ra\u00e7a e g\u00eanero dos filmes brasileiros de maior p\u00fablico lan\u00e7ados entre 1995 e 2016. A partir dos dados disponibilizados pelo Observat\u00f3rio Brasileiro do Cinema e do Audiovisual (OCA-ANCINE), analisamos elencos, roteiristas e diretores\/as dos 10 filmes de maior p\u00fablico de cada ano, totalizando um corpus de 219 tramas. Os resultados mostram que na \u00faltima d\u00e9cada, o cinema nacional foi majoritariamente feito por homens brancos. As mulheres negras, por sua vez, sequer est\u00e3o presentes nas posi\u00e7\u00f5es de roteiro e dire\u00e7\u00e3o e s\u00e3o o grupo mais sub-representado nos elencos. Tais dados refor\u00e7am estudos anteriores realizados pelo GEMAA.<\/p>\n\n\n\n<p>Baixe o Boletim clicando na imagem abaixo. Um resumo animado dos dados pode ser visto&nbsp;em seguida.<\/p>\n\n\n\n<figure class=\"wp-block-image size-large\"><a href=\"https:\/\/gemaa.iesp.uerj.br\/wp-content\/uploads\/2017\/04\/Boletim_final.pdf\" target=\"_blank\" rel=\"noopener\"><img decoding=\"async\" src=\"https:\/\/gemaa.iesp.uerj.br\/wp-content\/uploads\/2017\/04\/Boletim_final_Pa\u0301gina_1.png\" alt=\"\"\/><\/a><\/figure>\n\n\n\n<h3 class=\"wp-block-heading\">&nbsp;<\/h3>\n\n\n\n<h3 class=\"wp-block-heading\">Infogr\u00e1fico animado<\/h3>\n\n\n\n<center><embed src=\"https:\/\/gemaa.iesp.uerj.br\/wp-content\/uploads\/2017\/03\/a-cara-do-cinema-nacional.mp4\" width=\"528\" height=\"297\"><\/center>\n","protected":false},"excerpt":{"rendered":"<p>Este boletim apresenta o perfil de ra\u00e7a e g\u00eanero dos filmes brasileiros de maior p\u00fablico lan\u00e7ados entre 1995 e 2016. A partir dos dados disponibilizados pelo Observat\u00f3rio Brasileiro do Cinema e do Audiovisual (OCA-ANCINE), analisamos elencos, roteiristas e diretores\/as dos 10 filmes de maior p\u00fablico de cada ano, totalizando um corpus de 219 tramas. Os [&hellip;]<\/p>\n","protected":false},"author":12,"featured_media":0,"comment_status":"open","ping_status":"closed","sticky":false,"template":"","format":"standard","meta":{"_acf_changed":false,"wds_primary_category":504,"wds_primary_destaque":0,"footnotes":""},"categories":[504],"tags":[],"destaque":[],"tematica":[],"class_list":["post-7340","post","type-post","status-publish","format-standard","hentry","category-uncategorized"],"blocksy_meta":{"styles_descriptor":{"styles":{"desktop":"","tablet":"","mobile":""},"google_fonts":[],"version":6}},"featured_image_urls_v2":{"full":"","thumbnail":"","medium":"","medium_large":"","large":"","gs-tiny":"","xl":"","xxl":"","xxxl":"","xxxxl":"","xxxxxl":"","1536x1536":"","2048x2048":""},"post_excerpt_stackable_v2":"<p>Este boletim apresenta o perfil de ra\u00e7a e g\u00eanero dos filmes brasileiros de maior p\u00fablico lan\u00e7ados entre 1995 e 2016. A partir dos dados disponibilizados pelo Observat\u00f3rio Brasileiro do Cinema e do Audiovisual (OCA-ANCINE), analisamos elencos, roteiristas e diretores\/as dos 10 filmes de maior p\u00fablico de cada ano, totalizando um corpus de 219 tramas. Os resultados mostram que na \u00faltima d\u00e9cada, o cinema nacional foi majoritariamente feito por homens brancos. As mulheres negras, por sua vez, sequer est\u00e3o presentes nas posi\u00e7\u00f5es de roteiro e dire\u00e7\u00e3o e s\u00e3o o grupo mais sub-representado nos elencos. Tais dados refor\u00e7am estudos anteriores realizados pelo&hellip;<\/p>\n","category_list_v2":"<a href=\"https:\/\/gemaa.iesp.uerj.br\/en\/category\/uncategorized\/\" rel=\"category tag\">Uncategorized<\/a>","author_info_v2":{"name":"Poema Portela","url":"https:\/\/gemaa.iesp.uerj.br\/en\/author\/poema\/"},"comments_num_v2":"0 comments","acf":[],"_links":{"self":[{"href":"https:\/\/gemaa.iesp.uerj.br\/en\/wp-json\/wp\/v2\/posts\/7340","targetHints":{"allow":["GET"]}}],"collection":[{"href":"https:\/\/gemaa.iesp.uerj.br\/en\/wp-json\/wp\/v2\/posts"}],"about":[{"href":"https:\/\/gemaa.iesp.uerj.br\/en\/wp-json\/wp\/v2\/types\/post"}],"author":[{"embeddable":true,"href":"https:\/\/gemaa.iesp.uerj.br\/en\/wp-json\/wp\/v2\/users\/12"}],"replies":[{"embeddable":true,"href":"https:\/\/gemaa.iesp.uerj.br\/en\/wp-json\/wp\/v2\/comments?post=7340"}],"version-history":[{"count":0,"href":"https:\/\/gemaa.iesp.uerj.br\/en\/wp-json\/wp\/v2\/posts\/7340\/revisions"}],"wp:attachment":[{"href":"https:\/\/gemaa.iesp.uerj.br\/en\/wp-json\/wp\/v2\/media?parent=7340"}],"wp:term":[{"taxonomy":"category","embeddable":true,"href":"https:\/\/gemaa.iesp.uerj.br\/en\/wp-json\/wp\/v2\/categories?post=7340"},{"taxonomy":"post_tag","embeddable":true,"href":"https:\/\/gemaa.iesp.uerj.br\/en\/wp-json\/wp\/v2\/tags?post=7340"},{"taxonomy":"destaque","embeddable":true,"href":"https:\/\/gemaa.iesp.uerj.br\/en\/wp-json\/wp\/v2\/destaque?post=7340"},{"taxonomy":"tematica","embeddable":true,"href":"https:\/\/gemaa.iesp.uerj.br\/en\/wp-json\/wp\/v2\/tematica?post=7340"}],"curies":[{"name":"wp","href":"https:\/\/api.w.org\/{rel}","templated":true}]}}