{"id":7339,"date":"2017-05-19T19:37:43","date_gmt":"2017-05-19T19:37:43","guid":{"rendered":"https:\/\/gemaa.iesp.uerj.br\/uncategorized\/acoes-afirmativas-na-pos-graduacao\/"},"modified":"2017-05-19T19:37:43","modified_gmt":"2017-05-19T19:37:43","slug":"acoes-afirmativas-na-pos-graduacao","status":"publish","type":"post","link":"https:\/\/gemaa.iesp.uerj.br\/en\/uncategorized\/acoes-afirmativas-na-pos-graduacao\/","title":{"rendered":"A\u00e7\u00f5es Afirmativas na P\u00f3s-Gradua\u00e7\u00e3o"},"content":{"rendered":"<h2 style=\"text-align: center;\">A\u00e7\u00f5es Afirmativas na P\u00f3s-Gradua\u00e7\u00e3o<\/h2>\n<p>&nbsp;<\/p>\n<p style=\"text-align: right;\"><strong>Anna Carolina Venturini<\/strong><\/p>\n<div style=\"text-align: justify;\">Nos \u00faltimos anos, diversas universidades brasileiras institu\u00edram a\u00e7\u00f5es afirmativas para ingresso em cursos de p\u00f3s-gradua\u00e7\u00e3o <em>stricto sensu<\/em> (mestrado e doutorado). O presente infogr\u00e1fico cont\u00e9m os principais dados obtidos pela pesquisa do GEMAA sobre as pol\u00edticas afirmativas na p\u00f3s-gradua\u00e7\u00e3o de universidades p\u00fablicas brasileiras.<\/div>\n<div style=\"text-align: justify;\">Foram analisadas 49 pol\u00edticas criadas no per\u00edodo de 2002 ao in\u00edcio de 2017. Os dados iniciais mostram que mais da metade delas decorrem de iniciativas dos pr\u00f3prios programas de p\u00f3s-gradua\u00e7\u00e3o, enquanto as demais s\u00e3o produto de leis estaduais ou de resolu\u00e7\u00f5es de conselhos universit\u00e1rios, que s\u00e3o v\u00e1lidas para todos os cursos de p\u00f3s-gradua\u00e7\u00e3o de uma determinada universidade.<br \/>\nUm dos principais pontos de debate acerca das a\u00e7\u00f5es afirmativas \u00e9 o formato \u201ccota\u201d, tamb\u00e9m conhecido como sistema de reserva de vagas. Nessa modalidade, as universidades estabelecem que uma parcela das vagas seja destinada, exclusivamente, a estudantes pertencentes a certos grupos sociais e\/ou \u00e9tnico-raciais. Entre as 49 pol\u00edticas para p\u00f3s-gradua\u00e7\u00e3o analisadas, 73,47% aplicam exclusivamente o sistema de cotas, enquanto outros programas: (a) oferecem um certo n\u00famero de vagas adicionais destinadas exclusivamente para pessoas pertencentes a determinados grupos; (b) estabelecem cotas para um determinado grupo e vagas adicionais para outros grupos de benefici\u00e1rios; ou (c) criam vagas adicionais para determinados grupos, os quais s\u00e3o submetidos a processos seletivos separados e com regras distintas.<br \/>\nOutro aspecto das pol\u00edticas afirmativas na p\u00f3s-gradua\u00e7\u00e3o que chama aten\u00e7\u00e3o s\u00e3o as categorias de benefici\u00e1rios. Diferentemente do que ocorre com as pol\u00edticas voltadas para o acesso aos cursos de gradua\u00e7\u00e3o, em que os principais alvos s\u00e3o os alunos egressos da rede p\u00fablica de ensino, nas medidas para p\u00f3s-gradua\u00e7\u00e3o os alunos pretos s\u00e3o os principais benefici\u00e1rios, sendo alvo de 46 das 49 iniciativas analisadas. Em seguida aparecem os alunos pardos e os alunos ind\u00edgenas, ambos contemplados&nbsp;em 44 das iniciativas, seguidos dos estudantes com defici\u00eancia (19 iniciativas). Outros grupos de benefici\u00e1rios s\u00e3o estudantes de baixa renda, quilombolas e pessoas trans (transexuais, transge\u0302neros e travestis).<\/div>\n<div style=\"text-align: justify;\"><\/div>\n<div style=\"text-align: justify;\"><img fetchpriority=\"high\" decoding=\"async\" class=\"alignnone size-full wp-image-908\" src=\"https:\/\/gemaa.iesp.uerj.br\/wp-content\/uploads\/2017\/05\/infogra\u0301fico.png\" alt=\"\" width=\"1040\" height=\"4026\"><\/div>\n","protected":false},"excerpt":{"rendered":"<p>A\u00e7\u00f5es Afirmativas na P\u00f3s-Gradua\u00e7\u00e3o &nbsp; Anna Carolina Venturini Nos \u00faltimos anos, diversas universidades brasileiras institu\u00edram a\u00e7\u00f5es afirmativas para ingresso em cursos de p\u00f3s-gradua\u00e7\u00e3o stricto sensu (mestrado e doutorado). O presente infogr\u00e1fico cont\u00e9m os principais dados obtidos pela pesquisa do GEMAA sobre as pol\u00edticas afirmativas na p\u00f3s-gradua\u00e7\u00e3o de universidades p\u00fablicas brasileiras. Foram analisadas 49 pol\u00edticas criadas [&hellip;]<\/p>\n","protected":false},"author":12,"featured_media":0,"comment_status":"open","ping_status":"closed","sticky":false,"template":"","format":"standard","meta":{"_acf_changed":false,"wds_primary_category":504,"wds_primary_destaque":0,"footnotes":""},"categories":[504],"tags":[],"destaque":[],"tematica":[],"class_list":["post-7339","post","type-post","status-publish","format-standard","hentry","category-uncategorized"],"blocksy_meta":{"styles_descriptor":{"styles":{"desktop":"","tablet":"","mobile":""},"google_fonts":[],"version":6}},"featured_image_urls_v2":{"full":"","thumbnail":"","medium":"","medium_large":"","large":"","gs-tiny":"","xl":"","xxl":"","xxxl":"","xxxxl":"","xxxxxl":"","1536x1536":"","2048x2048":""},"post_excerpt_stackable_v2":"<p>A\u00e7\u00f5es Afirmativas na P\u00f3s-Gradua\u00e7\u00e3o &nbsp; Anna Carolina Venturini Nos \u00faltimos anos, diversas universidades brasileiras institu\u00edram a\u00e7\u00f5es afirmativas para ingresso em cursos de p\u00f3s-gradua\u00e7\u00e3o stricto sensu (mestrado e doutorado). O presente infogr\u00e1fico cont\u00e9m os principais dados obtidos pela pesquisa do GEMAA sobre as pol\u00edticas afirmativas na p\u00f3s-gradua\u00e7\u00e3o de universidades p\u00fablicas brasileiras. Foram analisadas 49 pol\u00edticas criadas no per\u00edodo de 2002 ao in\u00edcio de 2017. Os dados iniciais mostram que mais da metade delas decorrem de iniciativas dos pr\u00f3prios programas de p\u00f3s-gradua\u00e7\u00e3o, enquanto as demais s\u00e3o produto de leis estaduais ou de resolu\u00e7\u00f5es de conselhos universit\u00e1rios, que s\u00e3o v\u00e1lidas para todos os&hellip;<\/p>\n","category_list_v2":"<a href=\"https:\/\/gemaa.iesp.uerj.br\/en\/category\/uncategorized\/\" rel=\"category tag\">Uncategorized<\/a>","author_info_v2":{"name":"Poema Portela","url":"https:\/\/gemaa.iesp.uerj.br\/en\/author\/poema\/"},"comments_num_v2":"0 comments","acf":[],"_links":{"self":[{"href":"https:\/\/gemaa.iesp.uerj.br\/en\/wp-json\/wp\/v2\/posts\/7339","targetHints":{"allow":["GET"]}}],"collection":[{"href":"https:\/\/gemaa.iesp.uerj.br\/en\/wp-json\/wp\/v2\/posts"}],"about":[{"href":"https:\/\/gemaa.iesp.uerj.br\/en\/wp-json\/wp\/v2\/types\/post"}],"author":[{"embeddable":true,"href":"https:\/\/gemaa.iesp.uerj.br\/en\/wp-json\/wp\/v2\/users\/12"}],"replies":[{"embeddable":true,"href":"https:\/\/gemaa.iesp.uerj.br\/en\/wp-json\/wp\/v2\/comments?post=7339"}],"version-history":[{"count":0,"href":"https:\/\/gemaa.iesp.uerj.br\/en\/wp-json\/wp\/v2\/posts\/7339\/revisions"}],"wp:attachment":[{"href":"https:\/\/gemaa.iesp.uerj.br\/en\/wp-json\/wp\/v2\/media?parent=7339"}],"wp:term":[{"taxonomy":"category","embeddable":true,"href":"https:\/\/gemaa.iesp.uerj.br\/en\/wp-json\/wp\/v2\/categories?post=7339"},{"taxonomy":"post_tag","embeddable":true,"href":"https:\/\/gemaa.iesp.uerj.br\/en\/wp-json\/wp\/v2\/tags?post=7339"},{"taxonomy":"destaque","embeddable":true,"href":"https:\/\/gemaa.iesp.uerj.br\/en\/wp-json\/wp\/v2\/destaque?post=7339"},{"taxonomy":"tematica","embeddable":true,"href":"https:\/\/gemaa.iesp.uerj.br\/en\/wp-json\/wp\/v2\/tematica?post=7339"}],"curies":[{"name":"wp","href":"https:\/\/api.w.org\/{rel}","templated":true}]}}