{"id":7337,"date":"2017-08-02T13:39:25","date_gmt":"2017-08-02T13:39:25","guid":{"rendered":"https:\/\/gemaa.iesp.uerj.br\/uncategorized\/15-genero-e-raca-nas-revistas-de-bordo\/"},"modified":"2017-08-02T13:39:25","modified_gmt":"2017-08-02T13:39:25","slug":"15-genero-e-raca-nas-revistas-de-bordo","status":"publish","type":"post","link":"https:\/\/gemaa.iesp.uerj.br\/en\/uncategorized\/15-genero-e-raca-nas-revistas-de-bordo\/","title":{"rendered":"15 &#8211; G\u00eanero e Ra\u00e7a nas Revistas de Bordo"},"content":{"rendered":"<p style=\"text-align: justify;\">Este texto discute as representa\u00e7\u00f5es de ra\u00e7a e g\u00eanero em revistas de bordo de tr\u00eas companhias \u00e1reas brasileiras (Gol, TAM e Azul) e uma colombiana que opera no Brasil (Avianca), todas publicadas no ano de 2015. O crescimento e democratiza\u00e7\u00e3o dos servi\u00e7os de transporte a\u00e9reo nas \u00faltimas d\u00e9cadas tornou a clientela da avia\u00e7\u00e3o dom\u00e9stica mais diversa. Ser\u00e1 que esta diversidade se espelha nos bens culturais produzidos para atender essa clientela, mais especificamente, nas revistas de bordo? Tentamos responder essa quest\u00e3o comparando o perfil dos seres humanos representados nas fotografias e desenhos das revistas com o perfil racial e de g\u00eanero da popula\u00e7\u00e3o brasileira e da popula\u00e7\u00e3o que usa esses servi\u00e7os. Os resultados mostram que h\u00e1 distor\u00e7\u00e3o acentuada nas representa\u00e7\u00f5es em rela\u00e7\u00e3o aos dois universos.<\/p>\n<p style=\"text-align: center;\"><strong><strong>Clique na imagem abaixo para fazer o download<\/strong><\/strong><\/p>\n<p><a href=\"https:\/\/gemaa.iesp.uerj.br\/wp-content\/uploads\/2017\/08\/TpD-15.pdf\"><img fetchpriority=\"high\" decoding=\"async\" class=\"aligncenter wp-image-943\" src=\"https:\/\/gemaa.iesp.uerj.br\/wp-content\/uploads\/2017\/08\/TpD15.png\" alt=\"\" width=\"419\" height=\"542\" \/><\/a><\/p>\n","protected":false},"excerpt":{"rendered":"<p>Este texto discute as representa\u00e7\u00f5es de ra\u00e7a e g\u00eanero em revistas de bordo de tr\u00eas companhias \u00e1reas brasileiras (Gol, TAM e Azul) e uma colombiana que opera no Brasil (Avianca), todas publicadas no ano de 2015. O crescimento e democratiza\u00e7\u00e3o dos servi\u00e7os de transporte a\u00e9reo nas \u00faltimas d\u00e9cadas tornou a clientela da avia\u00e7\u00e3o dom\u00e9stica mais [&hellip;]<\/p>\n","protected":false},"author":4,"featured_media":0,"comment_status":"open","ping_status":"closed","sticky":false,"template":"","format":"standard","meta":{"_acf_changed":false,"wds_primary_category":504,"wds_primary_destaque":0,"footnotes":""},"categories":[504],"tags":[],"destaque":[],"tematica":[],"class_list":["post-7337","post","type-post","status-publish","format-standard","hentry","category-uncategorized"],"blocksy_meta":{"styles_descriptor":{"styles":{"desktop":"","tablet":"","mobile":""},"google_fonts":[],"version":6}},"featured_image_urls_v2":{"full":"","thumbnail":"","medium":"","medium_large":"","large":"","gs-tiny":"","xl":"","xxl":"","xxxl":"","xxxxl":"","xxxxxl":"","1536x1536":"","2048x2048":""},"post_excerpt_stackable_v2":"<p>Este texto discute as representa\u00e7\u00f5es de ra\u00e7a e g\u00eanero em revistas de bordo de tr\u00eas companhias \u00e1reas brasileiras (Gol, TAM e Azul) e uma colombiana que opera no Brasil (Avianca), todas publicadas no ano de 2015. O crescimento e democratiza\u00e7\u00e3o dos servi\u00e7os de transporte a\u00e9reo nas \u00faltimas d\u00e9cadas tornou a clientela da avia\u00e7\u00e3o dom\u00e9stica mais diversa. Ser\u00e1 que esta diversidade se espelha nos bens culturais produzidos para atender essa clientela, mais especificamente, nas revistas de bordo? Tentamos responder essa quest\u00e3o comparando o perfil dos seres humanos representados nas fotografias e desenhos das revistas com o perfil racial e de g\u00eanero&hellip;<\/p>\n","category_list_v2":"<a href=\"https:\/\/gemaa.iesp.uerj.br\/en\/category\/uncategorized\/\" rel=\"category tag\">Uncategorized<\/a>","author_info_v2":{"name":"Luiz","url":"https:\/\/gemaa.iesp.uerj.br\/en\/author\/lascampos\/"},"comments_num_v2":"0 comments","acf":[],"_links":{"self":[{"href":"https:\/\/gemaa.iesp.uerj.br\/en\/wp-json\/wp\/v2\/posts\/7337","targetHints":{"allow":["GET"]}}],"collection":[{"href":"https:\/\/gemaa.iesp.uerj.br\/en\/wp-json\/wp\/v2\/posts"}],"about":[{"href":"https:\/\/gemaa.iesp.uerj.br\/en\/wp-json\/wp\/v2\/types\/post"}],"author":[{"embeddable":true,"href":"https:\/\/gemaa.iesp.uerj.br\/en\/wp-json\/wp\/v2\/users\/4"}],"replies":[{"embeddable":true,"href":"https:\/\/gemaa.iesp.uerj.br\/en\/wp-json\/wp\/v2\/comments?post=7337"}],"version-history":[{"count":0,"href":"https:\/\/gemaa.iesp.uerj.br\/en\/wp-json\/wp\/v2\/posts\/7337\/revisions"}],"wp:attachment":[{"href":"https:\/\/gemaa.iesp.uerj.br\/en\/wp-json\/wp\/v2\/media?parent=7337"}],"wp:term":[{"taxonomy":"category","embeddable":true,"href":"https:\/\/gemaa.iesp.uerj.br\/en\/wp-json\/wp\/v2\/categories?post=7337"},{"taxonomy":"post_tag","embeddable":true,"href":"https:\/\/gemaa.iesp.uerj.br\/en\/wp-json\/wp\/v2\/tags?post=7337"},{"taxonomy":"destaque","embeddable":true,"href":"https:\/\/gemaa.iesp.uerj.br\/en\/wp-json\/wp\/v2\/destaque?post=7337"},{"taxonomy":"tematica","embeddable":true,"href":"https:\/\/gemaa.iesp.uerj.br\/en\/wp-json\/wp\/v2\/tematica?post=7337"}],"curies":[{"name":"wp","href":"https:\/\/api.w.org\/{rel}","templated":true}]}}