{"id":7336,"date":"2017-08-24T19:11:52","date_gmt":"2017-08-24T19:11:52","guid":{"rendered":"https:\/\/gemaa.iesp.uerj.br\/uncategorized\/relatorio-das-desigualdades-gemaa-no-1\/"},"modified":"2017-08-24T19:11:52","modified_gmt":"2017-08-24T19:11:52","slug":"relatorio-das-desigualdades-gemaa-no-1","status":"publish","type":"post","link":"https:\/\/gemaa.iesp.uerj.br\/en\/reporting\/relatorio-das-desigualdades-gemaa-no-1\/","title":{"rendered":"Relat\u00f3rio das Desigualdades GEMAA n\u00ba 1"},"content":{"rendered":"<h3 style=\"text-align: center;\">Relat\u00f3rio das Desigualdades de Ra\u00e7a, G\u00eanero e Classe GEMAA n\u00ba 1<\/h3>\n<p>&nbsp;<\/p>\n<p>O GEMAA acaba de lan\u00e7ar o seu primeiro <strong>Relat\u00f3rio das Desigualdades de Ra\u00e7a, G\u00eanero e Classe<\/strong>. O objetivo deste relat\u00f3rio \u00e9 tornar acess\u00edvel ao grande p\u00fablico dados estat\u00edsticos relacionados a ra\u00e7a, g\u00eanero e classe no Brasil. Com base em resultados da Pesquisa Nacional por Amostra de Domic\u00edlios (PNAD) de 2011 a 2015, produzimos an\u00e1lises sobre distribui\u00e7\u00e3o da popula\u00e7\u00e3o, renda familiar, m\u00e9dia de escolaridade, presen\u00e7a no ensino superior, taxa de desemprego, classe social, dentre outros, sempre em refer\u00eancia \u00e0 vari\u00e1vel ra\u00e7a e, em alguns casos, sua intersec\u00e7\u00e3o com g\u00eanero. As conclus\u00f5es ressaltam as intensas desigualdades do pa\u00eds, sobretudo no que se refere \u00e0 quest\u00e3o racial e ao grupo de mulheres pretas e pardas.<\/p>\n<p style=\"text-align: center;\"><strong>Clique na imagem abaixo para acessar o Relat\u00f3rio<\/strong><\/p>\n<p><a href=\"https:\/\/gemaa.iesp.uerj.br\/wp-content\/uploads\/2017\/08\/Relato\u0301rio_Corrigido-2.0.pdf\"><img fetchpriority=\"high\" decoding=\"async\" class=\"aligncenter wp-image-953 size-full\" src=\"https:\/\/gemaa.iesp.uerj.br\/wp-content\/uploads\/2017\/08\/Capa2.png\" alt=\"\" width=\"400\" height=\"573\"><\/a><\/p>\n\n\n<p><\/p>\n","protected":false},"excerpt":{"rendered":"<p>Relat\u00f3rio das Desigualdades de Ra\u00e7a, G\u00eanero e Classe GEMAA n\u00ba 1 &nbsp; O GEMAA acaba de lan\u00e7ar o seu primeiro Relat\u00f3rio das Desigualdades de Ra\u00e7a, G\u00eanero e Classe. O objetivo deste relat\u00f3rio \u00e9 tornar acess\u00edvel ao grande p\u00fablico dados estat\u00edsticos relacionados a ra\u00e7a, g\u00eanero e classe no Brasil. Com base em resultados da Pesquisa Nacional [&hellip;]<\/p>\n","protected":false},"author":12,"featured_media":0,"comment_status":"open","ping_status":"closed","sticky":false,"template":"","format":"standard","meta":{"_acf_changed":false,"wds_primary_category":545,"wds_primary_destaque":0,"footnotes":""},"categories":[545],"tags":[],"destaque":[],"tematica":[527,528,526,529],"class_list":["post-7336","post","type-post","status-publish","format-standard","hentry","category-reporting","tematica-class","tematica-gender","tematica-inequalities","tematica-race"],"blocksy_meta":{"styles_descriptor":{"styles":{"desktop":"","tablet":"","mobile":""},"google_fonts":[],"version":6}},"featured_image_urls_v2":{"full":"","thumbnail":"","medium":"","medium_large":"","large":"","gs-tiny":"","xl":"","xxl":"","xxxl":"","xxxxl":"","xxxxxl":"","1536x1536":"","2048x2048":""},"post_excerpt_stackable_v2":"<p>Relat\u00f3rio das Desigualdades de Ra\u00e7a, G\u00eanero e Classe GEMAA n\u00ba 1 &nbsp; O GEMAA acaba de lan\u00e7ar o seu primeiro Relat\u00f3rio das Desigualdades de Ra\u00e7a, G\u00eanero e Classe. O objetivo deste relat\u00f3rio \u00e9 tornar acess\u00edvel ao grande p\u00fablico dados estat\u00edsticos relacionados a ra\u00e7a, g\u00eanero e classe no Brasil. Com base em resultados da Pesquisa Nacional por Amostra de Domic\u00edlios (PNAD) de 2011 a 2015, produzimos an\u00e1lises sobre distribui\u00e7\u00e3o da popula\u00e7\u00e3o, renda familiar, m\u00e9dia de escolaridade, presen\u00e7a no ensino superior, taxa de desemprego, classe social, dentre outros, sempre em refer\u00eancia \u00e0 vari\u00e1vel ra\u00e7a e, em alguns casos, sua intersec\u00e7\u00e3o com g\u00eanero.&hellip;<\/p>\n","category_list_v2":"<a href=\"https:\/\/gemaa.iesp.uerj.br\/en\/category\/reporting\/\" rel=\"category tag\">Reporting<\/a>","author_info_v2":{"name":"Poema Portela","url":"https:\/\/gemaa.iesp.uerj.br\/en\/author\/poema\/"},"comments_num_v2":"0 comments","acf":[],"_links":{"self":[{"href":"https:\/\/gemaa.iesp.uerj.br\/en\/wp-json\/wp\/v2\/posts\/7336","targetHints":{"allow":["GET"]}}],"collection":[{"href":"https:\/\/gemaa.iesp.uerj.br\/en\/wp-json\/wp\/v2\/posts"}],"about":[{"href":"https:\/\/gemaa.iesp.uerj.br\/en\/wp-json\/wp\/v2\/types\/post"}],"author":[{"embeddable":true,"href":"https:\/\/gemaa.iesp.uerj.br\/en\/wp-json\/wp\/v2\/users\/12"}],"replies":[{"embeddable":true,"href":"https:\/\/gemaa.iesp.uerj.br\/en\/wp-json\/wp\/v2\/comments?post=7336"}],"version-history":[{"count":0,"href":"https:\/\/gemaa.iesp.uerj.br\/en\/wp-json\/wp\/v2\/posts\/7336\/revisions"}],"wp:attachment":[{"href":"https:\/\/gemaa.iesp.uerj.br\/en\/wp-json\/wp\/v2\/media?parent=7336"}],"wp:term":[{"taxonomy":"category","embeddable":true,"href":"https:\/\/gemaa.iesp.uerj.br\/en\/wp-json\/wp\/v2\/categories?post=7336"},{"taxonomy":"post_tag","embeddable":true,"href":"https:\/\/gemaa.iesp.uerj.br\/en\/wp-json\/wp\/v2\/tags?post=7336"},{"taxonomy":"destaque","embeddable":true,"href":"https:\/\/gemaa.iesp.uerj.br\/en\/wp-json\/wp\/v2\/destaque?post=7336"},{"taxonomy":"tematica","embeddable":true,"href":"https:\/\/gemaa.iesp.uerj.br\/en\/wp-json\/wp\/v2\/tematica?post=7336"}],"curies":[{"name":"wp","href":"https:\/\/api.w.org\/{rel}","templated":true}]}}