{"id":7335,"date":"2017-09-21T10:13:39","date_gmt":"2017-09-21T10:13:39","guid":{"rendered":"https:\/\/gemaa.iesp.uerj.br\/uncategorized\/boletim-gemaa-3-raca-e-genero-no-festival-de-cinema-do-rio-de-janeiro\/"},"modified":"2017-09-21T10:13:39","modified_gmt":"2017-09-21T10:13:39","slug":"boletim-gemaa-3-raca-e-genero-no-festival-de-cinema-do-rio-de-janeiro","status":"publish","type":"post","link":"https:\/\/gemaa.iesp.uerj.br\/en\/uncategorized\/boletim-gemaa-3-raca-e-genero-no-festival-de-cinema-do-rio-de-janeiro\/","title":{"rendered":"Boletim GEMAA 3: Ra\u00e7a e G\u00eanero no Festival de Cinema do Rio de Janeiro"},"content":{"rendered":"<p style=\"text-align: justify;\">Este boletim d\u00e1 continuidade aos levantamentos do GEMAA sobre o Festival do Rio realizados em 2015 e 2016. Analisamos o perfil de ra\u00e7a, g\u00eanero e proced\u00eancia geogr\u00e1fica dos diretores dos longas-metragens selecionados para exibi\u00e7\u00e3o no evento. Al\u00e9m de dados sobre participa\u00e7\u00e3o dos distintos grupos sociais na edi\u00e7\u00e3o de 2017, apresentamos uma compara\u00e7\u00e3o com os anos anteriores a fim de identificar poss\u00edveis incrementos em diversidade. Os resultados mostram um t\u00edmido aumento da participa\u00e7\u00e3o de mulheres brancas. Os filmes dirigidos por pessoas n\u00e3o-brancos, por sua vez, s\u00e3o escassos. No que toca \u00e0 quest\u00e3o geogr\u00e1fica, o festival privilegia produ\u00e7\u00f5es da Am\u00e9rica do Norte e da Europa ao passo que pa\u00edses da Am\u00e9rica Latina s\u00e3o pouco representados.<\/p>\n<p>\u00a0<\/p>\n\n\n<figure class=\"wp-block-image size-large\"><a href=\"https:\/\/gemaa.iesp.uerj.br\/wp-content\/uploads\/2017\/12\/Boletim-3.5_FINAL.pdf\" target=\"_blank\" rel=\"noopener\"><img decoding=\"async\" src=\"https:\/\/gemaa.iesp.uerj.br\/wp-content\/uploads\/2017\/12\/Capa_Pa\u0301gina_1.png\" alt=\"\"\/><\/a><\/figure>\n","protected":false},"excerpt":{"rendered":"<p>Este boletim d\u00e1 continuidade aos levantamentos do GEMAA sobre o Festival do Rio realizados em 2015 e 2016. Analisamos o perfil de ra\u00e7a, g\u00eanero e proced\u00eancia geogr\u00e1fica dos diretores dos longas-metragens selecionados para exibi\u00e7\u00e3o no evento. Al\u00e9m de dados sobre participa\u00e7\u00e3o dos distintos grupos sociais na edi\u00e7\u00e3o de 2017, apresentamos uma compara\u00e7\u00e3o com os anos [&hellip;]<\/p>\n","protected":false},"author":12,"featured_media":0,"comment_status":"open","ping_status":"open","sticky":false,"template":"","format":"standard","meta":{"_acf_changed":false,"wds_primary_category":504,"wds_primary_destaque":0,"footnotes":""},"categories":[504],"tags":[],"destaque":[],"tematica":[],"class_list":["post-7335","post","type-post","status-publish","format-standard","hentry","category-uncategorized"],"blocksy_meta":{"styles_descriptor":{"styles":{"desktop":"","tablet":"","mobile":""},"google_fonts":[],"version":6}},"featured_image_urls_v2":{"full":"","thumbnail":"","medium":"","medium_large":"","large":"","gs-tiny":"","xl":"","xxl":"","xxxl":"","xxxxl":"","xxxxxl":"","1536x1536":"","2048x2048":""},"post_excerpt_stackable_v2":"<p>Este boletim d\u00e1 continuidade aos levantamentos do GEMAA sobre o Festival do Rio realizados em 2015 e 2016. Analisamos o perfil de ra\u00e7a, g\u00eanero e proced\u00eancia geogr\u00e1fica dos diretores dos longas-metragens selecionados para exibi\u00e7\u00e3o no evento. Al\u00e9m de dados sobre participa\u00e7\u00e3o dos distintos grupos sociais na edi\u00e7\u00e3o de 2017, apresentamos uma compara\u00e7\u00e3o com os anos anteriores a fim de identificar poss\u00edveis incrementos em diversidade. Os resultados mostram um t\u00edmido aumento da participa\u00e7\u00e3o de mulheres brancas. Os filmes dirigidos por pessoas n\u00e3o-brancos, por sua vez, s\u00e3o escassos. No que toca \u00e0 quest\u00e3o geogr\u00e1fica, o festival privilegia produ\u00e7\u00f5es da Am\u00e9rica do Norte&hellip;<\/p>\n","category_list_v2":"<a href=\"https:\/\/gemaa.iesp.uerj.br\/en\/category\/uncategorized\/\" rel=\"category tag\">Uncategorized<\/a>","author_info_v2":{"name":"Poema Portela","url":"https:\/\/gemaa.iesp.uerj.br\/en\/author\/poema\/"},"comments_num_v2":"0 comments","acf":[],"_links":{"self":[{"href":"https:\/\/gemaa.iesp.uerj.br\/en\/wp-json\/wp\/v2\/posts\/7335","targetHints":{"allow":["GET"]}}],"collection":[{"href":"https:\/\/gemaa.iesp.uerj.br\/en\/wp-json\/wp\/v2\/posts"}],"about":[{"href":"https:\/\/gemaa.iesp.uerj.br\/en\/wp-json\/wp\/v2\/types\/post"}],"author":[{"embeddable":true,"href":"https:\/\/gemaa.iesp.uerj.br\/en\/wp-json\/wp\/v2\/users\/12"}],"replies":[{"embeddable":true,"href":"https:\/\/gemaa.iesp.uerj.br\/en\/wp-json\/wp\/v2\/comments?post=7335"}],"version-history":[{"count":0,"href":"https:\/\/gemaa.iesp.uerj.br\/en\/wp-json\/wp\/v2\/posts\/7335\/revisions"}],"wp:attachment":[{"href":"https:\/\/gemaa.iesp.uerj.br\/en\/wp-json\/wp\/v2\/media?parent=7335"}],"wp:term":[{"taxonomy":"category","embeddable":true,"href":"https:\/\/gemaa.iesp.uerj.br\/en\/wp-json\/wp\/v2\/categories?post=7335"},{"taxonomy":"post_tag","embeddable":true,"href":"https:\/\/gemaa.iesp.uerj.br\/en\/wp-json\/wp\/v2\/tags?post=7335"},{"taxonomy":"destaque","embeddable":true,"href":"https:\/\/gemaa.iesp.uerj.br\/en\/wp-json\/wp\/v2\/destaque?post=7335"},{"taxonomy":"tematica","embeddable":true,"href":"https:\/\/gemaa.iesp.uerj.br\/en\/wp-json\/wp\/v2\/tematica?post=7335"}],"curies":[{"name":"wp","href":"https:\/\/api.w.org\/{rel}","templated":true}]}}