{"id":7334,"date":"2017-12-12T11:49:35","date_gmt":"2017-12-12T11:49:35","guid":{"rendered":"https:\/\/gemaa.iesp.uerj.br\/uncategorized\/as-politicas-de-acao-afirmativa-nas-universidades-estaduais-2016\/"},"modified":"2017-12-12T11:49:35","modified_gmt":"2017-12-12T11:49:35","slug":"as-politicas-de-acao-afirmativa-nas-universidades-estaduais-2016","status":"publish","type":"post","link":"https:\/\/gemaa.iesp.uerj.br\/en\/surveys\/as-politicas-de-acao-afirmativa-nas-universidades-estaduais-2016\/","title":{"rendered":"As Pol\u00edticas de A\u00e7\u00e3o Afirmativa nas Universidades Estaduais (2016)"},"content":{"rendered":"<p align=\"justify\">Este estudo apresenta os resultados do acompanhamento das pol\u00edticas de a\u00e7\u00e3o afirmativa em vigor nas universidades estaduais brasileiras, realizado anualmente pelo GEMAA (Grupo de Estudos Multidisciplinares da A\u00e7\u00e3o Afirmativa). As institui\u00e7\u00f5es estaduais de ensino superior est\u00e3o fora do escopo da Lei n\u00ba 12.711 e, portanto, suas pol\u00edticas de a\u00e7\u00e3o afirmativa s\u00e3o fruto de iniciativas individuais das pr\u00f3prias universidades ou de legisla\u00e7\u00e3o estadual. Neste trabalho, recenseamos essas institui\u00e7\u00f5es no que tange: 1. aos aspectos procedimentais dessas pol\u00edticas e 2. \u00e0 magnitude e distribui\u00e7\u00e3o dos benef\u00edcios. Contrastando com os resultados dos levantamentos realizados entre 2013 e 2015, tamb\u00e9m avaliamos a continuidade e os avan\u00e7os da pol\u00edtica. O levantamento se baseia na leitura e an\u00e1lise dos editais, resolu\u00e7\u00f5es universit\u00e1rias, leis estaduais, termos de ades\u00e3o ao SISU e manuais de candidatos referentes ao vestibular para ingresso no ano de 2016, complementada por dados do INEP e IBGE.<\/p>\n<p><a href=\"https:\/\/gemaa.iesp.uerj.br\/wp-content\/uploads\/2017\/12\/Levantamento-Estaduais-2016-1.pdf\"><img fetchpriority=\"high\" decoding=\"async\" class=\"aligncenter wp-image-1011\" src=\"https:\/\/gemaa.iesp.uerj.br\/wp-content\/uploads\/2017\/12\/Capa_mini_Lev2016.png\" alt=\"\" width=\"500\" height=\"647\"><\/a><\/p>\n<p>&nbsp;<\/p>\n","protected":false},"excerpt":{"rendered":"<p>Este estudo apresenta os resultados do acompanhamento das pol\u00edticas de a\u00e7\u00e3o afirmativa em vigor nas universidades estaduais brasileiras, realizado anualmente pelo GEMAA (Grupo de Estudos Multidisciplinares da A\u00e7\u00e3o Afirmativa). As institui\u00e7\u00f5es estaduais de ensino superior est\u00e3o fora do escopo da Lei n\u00ba 12.711 e, portanto, suas pol\u00edticas de a\u00e7\u00e3o afirmativa s\u00e3o fruto de iniciativas individuais [&hellip;]<\/p>\n","protected":false},"author":12,"featured_media":0,"comment_status":"open","ping_status":"open","sticky":false,"template":"","format":"standard","meta":{"_acf_changed":false,"wds_primary_category":544,"wds_primary_destaque":0,"footnotes":""},"categories":[544],"tags":[],"destaque":[],"tematica":[530,532],"class_list":["post-7334","post","type-post","status-publish","format-standard","hentry","category-surveys","tematica-education","tematica-higher-education"],"blocksy_meta":{"styles_descriptor":{"styles":{"desktop":"","tablet":"","mobile":""},"google_fonts":[],"version":6}},"featured_image_urls_v2":{"full":"","thumbnail":"","medium":"","medium_large":"","large":"","gs-tiny":"","xl":"","xxl":"","xxxl":"","xxxxl":"","xxxxxl":"","1536x1536":"","2048x2048":""},"post_excerpt_stackable_v2":"<p>Este estudo apresenta os resultados do acompanhamento das pol\u00edticas de a\u00e7\u00e3o afirmativa em vigor nas universidades estaduais brasileiras, realizado anualmente pelo GEMAA (Grupo de Estudos Multidisciplinares da A\u00e7\u00e3o Afirmativa). As institui\u00e7\u00f5es estaduais de ensino superior est\u00e3o fora do escopo da Lei n\u00ba 12.711 e, portanto, suas pol\u00edticas de a\u00e7\u00e3o afirmativa s\u00e3o fruto de iniciativas individuais das pr\u00f3prias universidades ou de legisla\u00e7\u00e3o estadual. Neste trabalho, recenseamos essas institui\u00e7\u00f5es no que tange: 1. aos aspectos procedimentais dessas pol\u00edticas e 2. \u00e0 magnitude e distribui\u00e7\u00e3o dos benef\u00edcios. Contrastando com os resultados dos levantamentos realizados entre 2013 e 2015, tamb\u00e9m avaliamos a continuidade e&hellip;<\/p>\n","category_list_v2":"<a href=\"https:\/\/gemaa.iesp.uerj.br\/en\/category\/surveys\/\" rel=\"category tag\">Surveys<\/a>","author_info_v2":{"name":"Poema Portela","url":"https:\/\/gemaa.iesp.uerj.br\/en\/author\/poema\/"},"comments_num_v2":"0 comments","acf":[],"_links":{"self":[{"href":"https:\/\/gemaa.iesp.uerj.br\/en\/wp-json\/wp\/v2\/posts\/7334","targetHints":{"allow":["GET"]}}],"collection":[{"href":"https:\/\/gemaa.iesp.uerj.br\/en\/wp-json\/wp\/v2\/posts"}],"about":[{"href":"https:\/\/gemaa.iesp.uerj.br\/en\/wp-json\/wp\/v2\/types\/post"}],"author":[{"embeddable":true,"href":"https:\/\/gemaa.iesp.uerj.br\/en\/wp-json\/wp\/v2\/users\/12"}],"replies":[{"embeddable":true,"href":"https:\/\/gemaa.iesp.uerj.br\/en\/wp-json\/wp\/v2\/comments?post=7334"}],"version-history":[{"count":0,"href":"https:\/\/gemaa.iesp.uerj.br\/en\/wp-json\/wp\/v2\/posts\/7334\/revisions"}],"wp:attachment":[{"href":"https:\/\/gemaa.iesp.uerj.br\/en\/wp-json\/wp\/v2\/media?parent=7334"}],"wp:term":[{"taxonomy":"category","embeddable":true,"href":"https:\/\/gemaa.iesp.uerj.br\/en\/wp-json\/wp\/v2\/categories?post=7334"},{"taxonomy":"post_tag","embeddable":true,"href":"https:\/\/gemaa.iesp.uerj.br\/en\/wp-json\/wp\/v2\/tags?post=7334"},{"taxonomy":"destaque","embeddable":true,"href":"https:\/\/gemaa.iesp.uerj.br\/en\/wp-json\/wp\/v2\/destaque?post=7334"},{"taxonomy":"tematica","embeddable":true,"href":"https:\/\/gemaa.iesp.uerj.br\/en\/wp-json\/wp\/v2\/tematica?post=7334"}],"curies":[{"name":"wp","href":"https:\/\/api.w.org\/{rel}","templated":true}]}}