{"id":7333,"date":"2017-12-21T10:09:52","date_gmt":"2017-12-21T10:09:52","guid":{"rendered":"https:\/\/gemaa.iesp.uerj.br\/uncategorized\/boletim-gemaa-4\/"},"modified":"2017-12-21T10:09:52","modified_gmt":"2017-12-21T10:09:52","slug":"boletim-gemaa-4","status":"publish","type":"post","link":"https:\/\/gemaa.iesp.uerj.br\/en\/bulletins\/boletim-gemaa-4\/","title":{"rendered":"Boletim GEMAA 4: Ra\u00e7a e G\u00eanero no &#8220;Grande Pr\u00eamio do Cinema Brasileiro&#8221; (2002-2017)"},"content":{"rendered":"<p style=\"text-align: justify;\">Neste boletim, analisamos a diversidade de ra\u00e7a e g\u00eanero ao longo de 15 anos do Grande Pr\u00eamio do Cinema Brasileiro, organizado pela Academia Brasileira de Cinema. A partir de dados do site da pr\u00f3pria Academia e da Ancine, classificamos a ra\u00e7a e o g\u00eanero dos indicados e ganhadores dos pr\u00eamios de melhor dire\u00e7\u00e3o, roteiro e atua\u00e7\u00e3o &#8211; um total de nove categorias da premia\u00e7\u00e3o -, al\u00e9m da regi\u00e3o de origem dos diretores, atores e atrizes indicados. Assim como em outros espa\u00e7os do audiovisual brasileiro, j\u00e1 estudados pelo GEMAA, o pr\u00eamio est\u00e1 longe de representar de forma igualit\u00e1ria os diversos grupos populacionais do pa\u00eds.<\/p>\n<p><a href=\"https:\/\/gemaa.iesp.uerj.br\/wp-content\/uploads\/2017\/12\/Boletim-n.-4.pdf\"><img fetchpriority=\"high\" decoding=\"async\" class=\"size-full wp-image-1065 aligncenter\" src=\"https:\/\/gemaa.iesp.uerj.br\/wp-content\/uploads\/2017\/12\/000-e1513850908775.png\" alt=\"\" width=\"400\" height=\"522\"><\/a><\/p>\n","protected":false},"excerpt":{"rendered":"<p>Neste boletim, analisamos a diversidade de ra\u00e7a e g\u00eanero ao longo de 15 anos do Grande Pr\u00eamio do Cinema Brasileiro, organizado pela Academia Brasileira de Cinema. A partir de dados do site da pr\u00f3pria Academia e da Ancine, classificamos a ra\u00e7a e o g\u00eanero dos indicados e ganhadores dos pr\u00eamios de melhor dire\u00e7\u00e3o, roteiro e [&hellip;]<\/p>\n","protected":false},"author":12,"featured_media":0,"comment_status":"open","ping_status":"open","sticky":false,"template":"","format":"standard","meta":{"_acf_changed":false,"wds_primary_category":541,"wds_primary_destaque":0,"footnotes":""},"categories":[541],"tags":[],"destaque":[],"tematica":[522,523],"class_list":["post-7333","post","type-post","status-publish","format-standard","hentry","category-bulletins","tematica-audiovisual-en","tematica-cinema-en"],"blocksy_meta":{"styles_descriptor":{"styles":{"desktop":"","tablet":"","mobile":""},"google_fonts":[],"version":6}},"featured_image_urls_v2":{"full":"","thumbnail":"","medium":"","medium_large":"","large":"","gs-tiny":"","xl":"","xxl":"","xxxl":"","xxxxl":"","xxxxxl":"","1536x1536":"","2048x2048":""},"post_excerpt_stackable_v2":"<p>Neste boletim, analisamos a diversidade de ra\u00e7a e g\u00eanero ao longo de 15 anos do Grande Pr\u00eamio do Cinema Brasileiro, organizado pela Academia Brasileira de Cinema. A partir de dados do site da pr\u00f3pria Academia e da Ancine, classificamos a ra\u00e7a e o g\u00eanero dos indicados e ganhadores dos pr\u00eamios de melhor dire\u00e7\u00e3o, roteiro e atua\u00e7\u00e3o &#8211; um total de nove categorias da premia\u00e7\u00e3o -, al\u00e9m da regi\u00e3o de origem dos diretores, atores e atrizes indicados. Assim como em outros espa\u00e7os do audiovisual brasileiro, j\u00e1 estudados pelo GEMAA, o pr\u00eamio est\u00e1 longe de representar de forma igualit\u00e1ria os diversos grupos&hellip;<\/p>\n","category_list_v2":"<a href=\"https:\/\/gemaa.iesp.uerj.br\/en\/category\/bulletins\/\" rel=\"category tag\">Bulletins<\/a>","author_info_v2":{"name":"Poema Portela","url":"https:\/\/gemaa.iesp.uerj.br\/en\/author\/poema\/"},"comments_num_v2":"0 comments","acf":[],"_links":{"self":[{"href":"https:\/\/gemaa.iesp.uerj.br\/en\/wp-json\/wp\/v2\/posts\/7333","targetHints":{"allow":["GET"]}}],"collection":[{"href":"https:\/\/gemaa.iesp.uerj.br\/en\/wp-json\/wp\/v2\/posts"}],"about":[{"href":"https:\/\/gemaa.iesp.uerj.br\/en\/wp-json\/wp\/v2\/types\/post"}],"author":[{"embeddable":true,"href":"https:\/\/gemaa.iesp.uerj.br\/en\/wp-json\/wp\/v2\/users\/12"}],"replies":[{"embeddable":true,"href":"https:\/\/gemaa.iesp.uerj.br\/en\/wp-json\/wp\/v2\/comments?post=7333"}],"version-history":[{"count":0,"href":"https:\/\/gemaa.iesp.uerj.br\/en\/wp-json\/wp\/v2\/posts\/7333\/revisions"}],"wp:attachment":[{"href":"https:\/\/gemaa.iesp.uerj.br\/en\/wp-json\/wp\/v2\/media?parent=7333"}],"wp:term":[{"taxonomy":"category","embeddable":true,"href":"https:\/\/gemaa.iesp.uerj.br\/en\/wp-json\/wp\/v2\/categories?post=7333"},{"taxonomy":"post_tag","embeddable":true,"href":"https:\/\/gemaa.iesp.uerj.br\/en\/wp-json\/wp\/v2\/tags?post=7333"},{"taxonomy":"destaque","embeddable":true,"href":"https:\/\/gemaa.iesp.uerj.br\/en\/wp-json\/wp\/v2\/destaque?post=7333"},{"taxonomy":"tematica","embeddable":true,"href":"https:\/\/gemaa.iesp.uerj.br\/en\/wp-json\/wp\/v2\/tematica?post=7333"}],"curies":[{"name":"wp","href":"https:\/\/api.w.org\/{rel}","templated":true}]}}