{"id":7331,"date":"2018-02-09T21:15:44","date_gmt":"2018-02-09T21:15:44","guid":{"rendered":"https:\/\/gemaa.iesp.uerj.br\/uncategorized\/16-alteracoes-do-paais-unicamp-nos-vestibulares-de-2016-e-2017\/"},"modified":"2018-02-09T21:15:44","modified_gmt":"2018-02-09T21:15:44","slug":"16-alteracoes-do-paais-unicamp-nos-vestibulares-de-2016-e-2017","status":"publish","type":"post","link":"https:\/\/gemaa.iesp.uerj.br\/en\/uncategorized\/16-alteracoes-do-paais-unicamp-nos-vestibulares-de-2016-e-2017\/","title":{"rendered":"16 \u2013 Efeitos das altera\u00e7\u00f5es do PAAIS-Unicamp nos vestibulares de 2016 e 2017"},"content":{"rendered":"<p style=\"text-align: justify;\">Este texto \u00e9 uma an\u00e1lise dos resultados do Programa de A\u00e7\u00e3o Afirmativa e Inclus\u00e3o Social (PAAIS) da UNICAMP nos vestibulares para ingresso em 2016 e 2017, em compara\u00e7\u00e3o com seus anos imediatamente anteriores. O estudo busca analisar os resultados em rela\u00e7\u00e3o aos objetivos principais do PAAIS: a inclus\u00e3o de alunos pretos, pardos e oriundos da escola p\u00fablica. Como os dados obtidos demonstram, o n\u00famero de candidatos aprovados que cursaram o ensino m\u00e9dio integralmente em escolas p\u00fablicas aumentou de forma consider\u00e1vel em 2016 e 2017, e as propor\u00e7\u00f5es de alunos pretos e pardos tamb\u00e9m sofreram altera\u00e7\u00f5es significativas, mas ainda permanecem inferiores \u00e0s propor\u00e7\u00f5es desses grupos na sociedade brasileira ou paulista. O aumento do n\u00famero de alunos de escolas p\u00fablicas e de alunos pretos, pardos e ind\u00edgenas parece ser resultado das altera\u00e7\u00f5es das regras do PAAIS realizadas pela Unicamp no ano de 2015.<\/p>\n<p style=\"text-align: center;\"><strong><strong>Clique na imagem abaixo para fazer o download<\/strong><\/strong><\/p>\n<p style=\"text-align: center;\"><a href=\"https:\/\/gemaa.iesp.uerj.br\/wp-content\/uploads\/2019\/08\/TpD16_Unicamp.pdf\"><img fetchpriority=\"high\" decoding=\"async\" class=\"alignnone wp-image-1403 size-full\" src=\"https:\/\/gemaa.iesp.uerj.br\/wp-content\/uploads\/2017\/08\/Capa-TD-final.png\" alt=\"\" width=\"416\" height=\"542\" \/><\/a><\/p>\n","protected":false},"excerpt":{"rendered":"<p>Este texto \u00e9 uma an\u00e1lise dos resultados do Programa de A\u00e7\u00e3o Afirmativa e Inclus\u00e3o Social (PAAIS) da UNICAMP nos vestibulares para ingresso em 2016 e 2017, em compara\u00e7\u00e3o com seus anos imediatamente anteriores. O estudo busca analisar os resultados em rela\u00e7\u00e3o aos objetivos principais do PAAIS: a inclus\u00e3o de alunos pretos, pardos e oriundos da [&hellip;]<\/p>\n","protected":false},"author":12,"featured_media":0,"comment_status":"open","ping_status":"open","sticky":false,"template":"","format":"standard","meta":{"_acf_changed":false,"wds_primary_category":504,"wds_primary_destaque":0,"footnotes":""},"categories":[504],"tags":[],"destaque":[],"tematica":[],"class_list":["post-7331","post","type-post","status-publish","format-standard","hentry","category-uncategorized"],"blocksy_meta":{"styles_descriptor":{"styles":{"desktop":"","tablet":"","mobile":""},"google_fonts":[],"version":6}},"featured_image_urls_v2":{"full":"","thumbnail":"","medium":"","medium_large":"","large":"","gs-tiny":"","xl":"","xxl":"","xxxl":"","xxxxl":"","xxxxxl":"","1536x1536":"","2048x2048":""},"post_excerpt_stackable_v2":"<p>Este texto \u00e9 uma an\u00e1lise dos resultados do Programa de A\u00e7\u00e3o Afirmativa e Inclus\u00e3o Social (PAAIS) da UNICAMP nos vestibulares para ingresso em 2016 e 2017, em compara\u00e7\u00e3o com seus anos imediatamente anteriores. O estudo busca analisar os resultados em rela\u00e7\u00e3o aos objetivos principais do PAAIS: a inclus\u00e3o de alunos pretos, pardos e oriundos da escola p\u00fablica. Como os dados obtidos demonstram, o n\u00famero de candidatos aprovados que cursaram o ensino m\u00e9dio integralmente em escolas p\u00fablicas aumentou de forma consider\u00e1vel em 2016 e 2017, e as propor\u00e7\u00f5es de alunos pretos e pardos tamb\u00e9m sofreram altera\u00e7\u00f5es significativas, mas ainda permanecem inferiores&hellip;<\/p>\n","category_list_v2":"<a href=\"https:\/\/gemaa.iesp.uerj.br\/en\/category\/uncategorized\/\" rel=\"category tag\">Uncategorized<\/a>","author_info_v2":{"name":"Poema Portela","url":"https:\/\/gemaa.iesp.uerj.br\/en\/author\/poema\/"},"comments_num_v2":"0 comments","acf":[],"_links":{"self":[{"href":"https:\/\/gemaa.iesp.uerj.br\/en\/wp-json\/wp\/v2\/posts\/7331","targetHints":{"allow":["GET"]}}],"collection":[{"href":"https:\/\/gemaa.iesp.uerj.br\/en\/wp-json\/wp\/v2\/posts"}],"about":[{"href":"https:\/\/gemaa.iesp.uerj.br\/en\/wp-json\/wp\/v2\/types\/post"}],"author":[{"embeddable":true,"href":"https:\/\/gemaa.iesp.uerj.br\/en\/wp-json\/wp\/v2\/users\/12"}],"replies":[{"embeddable":true,"href":"https:\/\/gemaa.iesp.uerj.br\/en\/wp-json\/wp\/v2\/comments?post=7331"}],"version-history":[{"count":0,"href":"https:\/\/gemaa.iesp.uerj.br\/en\/wp-json\/wp\/v2\/posts\/7331\/revisions"}],"wp:attachment":[{"href":"https:\/\/gemaa.iesp.uerj.br\/en\/wp-json\/wp\/v2\/media?parent=7331"}],"wp:term":[{"taxonomy":"category","embeddable":true,"href":"https:\/\/gemaa.iesp.uerj.br\/en\/wp-json\/wp\/v2\/categories?post=7331"},{"taxonomy":"post_tag","embeddable":true,"href":"https:\/\/gemaa.iesp.uerj.br\/en\/wp-json\/wp\/v2\/tags?post=7331"},{"taxonomy":"destaque","embeddable":true,"href":"https:\/\/gemaa.iesp.uerj.br\/en\/wp-json\/wp\/v2\/destaque?post=7331"},{"taxonomy":"tematica","embeddable":true,"href":"https:\/\/gemaa.iesp.uerj.br\/en\/wp-json\/wp\/v2\/tematica?post=7331"}],"curies":[{"name":"wp","href":"https:\/\/api.w.org\/{rel}","templated":true}]}}