{"id":7323,"date":"2019-07-29T17:55:18","date_gmt":"2019-07-29T17:55:18","guid":{"rendered":"https:\/\/gemaa.iesp.uerj.br\/uncategorized\/19-programas-de-pos-graduacao-e-o-pacto-pela-diversidade\/"},"modified":"2019-07-29T17:55:18","modified_gmt":"2019-07-29T17:55:18","slug":"19-programas-de-pos-graduacao-e-o-pacto-pela-diversidade","status":"publish","type":"post","link":"https:\/\/gemaa.iesp.uerj.br\/en\/uncategorized\/19-programas-de-pos-graduacao-e-o-pacto-pela-diversidade\/","title":{"rendered":"19 \u2013 Programas de P\u00f3s-Gradua\u00e7\u00e3o e o Pacto pela Diversidade"},"content":{"rendered":"<p style=\"text-align: justify;\">Este texto examina como as universidades p\u00fablicas brasileiras que aderiram ao <i>Pacto Universit\u00e1rio pela Promo\u00e7\u00e3o do Respeito \u00e0 Diversidade, da Cultura de Paz e dos Direitos Humanos (PNUDH)<\/i> t\u00eam lidado com a quest\u00e3o da Diversidade e Direitos Humanos do ponto de vista curricular. Discutimos a cria\u00e7\u00e3o de novas disciplinas com foco na tem\u00e1tica. A an\u00e1lise d\u00e1 aten\u00e7\u00e3o especial aos cursos de p\u00f3s-gradua\u00e7\u00e3o destinados ao tema diversidade e direitos humanos.<\/p>\n<p style=\"text-align: center;\"><strong>Clique na imagem abaixo para fazer o download<\/strong><\/p>\n<p>\u00a0<a href=\"https:\/\/gemaa.iesp.uerj.br\/wp-content\/uploads\/2019\/08\/TD-Diversidade-PG-final.pdf\"><img fetchpriority=\"high\" decoding=\"async\" class=\"size-full wp-image-1844 aligncenter\" src=\"https:\/\/gemaa.iesp.uerj.br\/wp-content\/uploads\/2019\/07\/Capa-TD-19.jpg\" alt=\"\" width=\"419\" height=\"542\" \/><\/a><\/p>\n","protected":false},"excerpt":{"rendered":"<p>Este texto examina como as universidades p\u00fablicas brasileiras que aderiram ao Pacto Universit\u00e1rio pela Promo\u00e7\u00e3o do Respeito \u00e0 Diversidade, da Cultura de Paz e dos Direitos Humanos (PNUDH) t\u00eam lidado com a quest\u00e3o da Diversidade e Direitos Humanos do ponto de vista curricular. Discutimos a cria\u00e7\u00e3o de novas disciplinas com foco na tem\u00e1tica. A an\u00e1lise [&hellip;]<\/p>\n","protected":false},"author":12,"featured_media":0,"comment_status":"open","ping_status":"open","sticky":false,"template":"","format":"standard","meta":{"_acf_changed":false,"wds_primary_category":504,"wds_primary_destaque":0,"footnotes":""},"categories":[504],"tags":[],"destaque":[],"tematica":[],"class_list":["post-7323","post","type-post","status-publish","format-standard","hentry","category-uncategorized"],"blocksy_meta":{"styles_descriptor":{"styles":{"desktop":"","tablet":"","mobile":""},"google_fonts":[],"version":6}},"featured_image_urls_v2":{"full":"","thumbnail":"","medium":"","medium_large":"","large":"","gs-tiny":"","xl":"","xxl":"","xxxl":"","xxxxl":"","xxxxxl":"","1536x1536":"","2048x2048":""},"post_excerpt_stackable_v2":"<p>Este texto examina como as universidades p\u00fablicas brasileiras que aderiram ao Pacto Universit\u00e1rio pela Promo\u00e7\u00e3o do Respeito \u00e0 Diversidade, da Cultura de Paz e dos Direitos Humanos (PNUDH) t\u00eam lidado com a quest\u00e3o da Diversidade e Direitos Humanos do ponto de vista curricular. Discutimos a cria\u00e7\u00e3o de novas disciplinas com foco na tem\u00e1tica. A an\u00e1lise d\u00e1 aten\u00e7\u00e3o especial aos cursos de p\u00f3s-gradua\u00e7\u00e3o destinados ao tema diversidade e direitos humanos. Clique na imagem abaixo para fazer o download \u00a0<\/p>\n","category_list_v2":"<a href=\"https:\/\/gemaa.iesp.uerj.br\/en\/category\/uncategorized\/\" rel=\"category tag\">Uncategorized<\/a>","author_info_v2":{"name":"Poema Portela","url":"https:\/\/gemaa.iesp.uerj.br\/en\/author\/poema\/"},"comments_num_v2":"0 comments","acf":[],"_links":{"self":[{"href":"https:\/\/gemaa.iesp.uerj.br\/en\/wp-json\/wp\/v2\/posts\/7323","targetHints":{"allow":["GET"]}}],"collection":[{"href":"https:\/\/gemaa.iesp.uerj.br\/en\/wp-json\/wp\/v2\/posts"}],"about":[{"href":"https:\/\/gemaa.iesp.uerj.br\/en\/wp-json\/wp\/v2\/types\/post"}],"author":[{"embeddable":true,"href":"https:\/\/gemaa.iesp.uerj.br\/en\/wp-json\/wp\/v2\/users\/12"}],"replies":[{"embeddable":true,"href":"https:\/\/gemaa.iesp.uerj.br\/en\/wp-json\/wp\/v2\/comments?post=7323"}],"version-history":[{"count":0,"href":"https:\/\/gemaa.iesp.uerj.br\/en\/wp-json\/wp\/v2\/posts\/7323\/revisions"}],"wp:attachment":[{"href":"https:\/\/gemaa.iesp.uerj.br\/en\/wp-json\/wp\/v2\/media?parent=7323"}],"wp:term":[{"taxonomy":"category","embeddable":true,"href":"https:\/\/gemaa.iesp.uerj.br\/en\/wp-json\/wp\/v2\/categories?post=7323"},{"taxonomy":"post_tag","embeddable":true,"href":"https:\/\/gemaa.iesp.uerj.br\/en\/wp-json\/wp\/v2\/tags?post=7323"},{"taxonomy":"destaque","embeddable":true,"href":"https:\/\/gemaa.iesp.uerj.br\/en\/wp-json\/wp\/v2\/destaque?post=7323"},{"taxonomy":"tematica","embeddable":true,"href":"https:\/\/gemaa.iesp.uerj.br\/en\/wp-json\/wp\/v2\/tematica?post=7323"}],"curies":[{"name":"wp","href":"https:\/\/api.w.org\/{rel}","templated":true}]}}