{"id":7317,"date":"2020-02-17T19:56:15","date_gmt":"2020-02-17T19:56:15","guid":{"rendered":"https:\/\/gemaa.iesp.uerj.br\/uncategorized\/diversidade-racial-e-de-genero-na-publicidade-brasileira-das-ultimas-tres-decadas-1987-2017\/"},"modified":"2020-02-17T19:56:15","modified_gmt":"2020-02-17T19:56:15","slug":"diversidade-racial-e-de-genero-na-publicidade-brasileira-das-ultimas-tres-decadas-1987-2017","status":"publish","type":"post","link":"https:\/\/gemaa.iesp.uerj.br\/en\/infographics\/diversidade-racial-e-de-genero-na-publicidade-brasileira-das-ultimas-tres-decadas-1987-2017\/","title":{"rendered":"Diversidade Racial e de G\u00eanero na Publicidade Brasileira das \u00daltimas Tr\u00eas D\u00e9cadas (1987-2017)"},"content":{"rendered":"<h2 style=\"text-align: center;\">Diversidade Racial e de G\u00eanero na Publicidade Brasileira das \u00daltimas Tr\u00eas D\u00e9cadas (1987-2017)<\/h2>\n<p>&nbsp;<\/p>\n<p style=\"text-align: right;\"><strong>Luiz Augusto Campos<\/strong><\/p>\n<p style=\"text-align: right;\"><strong>Marcelle Felix<\/strong><\/p>\n<div style=\"text-align: justify;\">Em uma pesquisa pioneira sobre a diversidade na publicidade, o GEMAA analisou todos os an\u00fancios publicados em 370 edi\u00e7\u00f5es do seman\u00e1rio de maior circula\u00e7\u00e3o nacional entre 1987 e 2017. No total, mais de 13 mil figuras humanas foram analisadas de acordo com g\u00eanero, ra\u00e7a, idade, ocupa\u00e7\u00e3o etc. A seguir, alguns dados preliminares da pesquisa.<\/div>\n<div><img fetchpriority=\"high\" decoding=\"async\" class=\"size-full wp-image-2006 aligncenter\" src=\"https:\/\/gemaa.iesp.uerj.br\/wp-content\/uploads\/2020\/02\/Publicidade-01-2019.11.07.png\" alt=\"\" width=\"1200\" height=\"8000\"><\/div>\n","protected":false},"excerpt":{"rendered":"<p>Diversidade Racial e de G\u00eanero na Publicidade Brasileira das \u00daltimas Tr\u00eas D\u00e9cadas (1987-2017) &nbsp; Luiz Augusto Campos Marcelle Felix Em uma pesquisa pioneira sobre a diversidade na publicidade, o GEMAA analisou todos os an\u00fancios publicados em 370 edi\u00e7\u00f5es do seman\u00e1rio de maior circula\u00e7\u00e3o nacional entre 1987 e 2017. No total, mais de 13 mil figuras [&hellip;]<\/p>\n","protected":false},"author":12,"featured_media":0,"comment_status":"open","ping_status":"open","sticky":false,"template":"","format":"standard","meta":{"_acf_changed":false,"wds_primary_category":543,"wds_primary_destaque":0,"footnotes":""},"categories":[543],"tags":[],"destaque":[],"tematica":[536,534,535],"class_list":["post-7317","post","type-post","status-publish","format-standard","hentry","category-infographics","tematica-advertising","tematica-media","tematica-press"],"blocksy_meta":{"styles_descriptor":{"styles":{"desktop":"","tablet":"","mobile":""},"google_fonts":[],"version":6}},"featured_image_urls_v2":{"full":"","thumbnail":"","medium":"","medium_large":"","large":"","gs-tiny":"","xl":"","xxl":"","xxxl":"","xxxxl":"","xxxxxl":"","1536x1536":"","2048x2048":""},"post_excerpt_stackable_v2":"<p>Diversidade Racial e de G\u00eanero na Publicidade Brasileira das \u00daltimas Tr\u00eas D\u00e9cadas (1987-2017) &nbsp; Luiz Augusto Campos Marcelle Felix Em uma pesquisa pioneira sobre a diversidade na publicidade, o GEMAA analisou todos os an\u00fancios publicados em 370 edi\u00e7\u00f5es do seman\u00e1rio de maior circula\u00e7\u00e3o nacional entre 1987 e 2017. No total, mais de 13 mil figuras humanas foram analisadas de acordo com g\u00eanero, ra\u00e7a, idade, ocupa\u00e7\u00e3o etc. A seguir, alguns dados preliminares da pesquisa.<\/p>\n","category_list_v2":"<a href=\"https:\/\/gemaa.iesp.uerj.br\/en\/category\/infographics\/\" rel=\"category tag\">Infographics<\/a>","author_info_v2":{"name":"Poema Portela","url":"https:\/\/gemaa.iesp.uerj.br\/en\/author\/poema\/"},"comments_num_v2":"0 comments","acf":[],"_links":{"self":[{"href":"https:\/\/gemaa.iesp.uerj.br\/en\/wp-json\/wp\/v2\/posts\/7317","targetHints":{"allow":["GET"]}}],"collection":[{"href":"https:\/\/gemaa.iesp.uerj.br\/en\/wp-json\/wp\/v2\/posts"}],"about":[{"href":"https:\/\/gemaa.iesp.uerj.br\/en\/wp-json\/wp\/v2\/types\/post"}],"author":[{"embeddable":true,"href":"https:\/\/gemaa.iesp.uerj.br\/en\/wp-json\/wp\/v2\/users\/12"}],"replies":[{"embeddable":true,"href":"https:\/\/gemaa.iesp.uerj.br\/en\/wp-json\/wp\/v2\/comments?post=7317"}],"version-history":[{"count":0,"href":"https:\/\/gemaa.iesp.uerj.br\/en\/wp-json\/wp\/v2\/posts\/7317\/revisions"}],"wp:attachment":[{"href":"https:\/\/gemaa.iesp.uerj.br\/en\/wp-json\/wp\/v2\/media?parent=7317"}],"wp:term":[{"taxonomy":"category","embeddable":true,"href":"https:\/\/gemaa.iesp.uerj.br\/en\/wp-json\/wp\/v2\/categories?post=7317"},{"taxonomy":"post_tag","embeddable":true,"href":"https:\/\/gemaa.iesp.uerj.br\/en\/wp-json\/wp\/v2\/tags?post=7317"},{"taxonomy":"destaque","embeddable":true,"href":"https:\/\/gemaa.iesp.uerj.br\/en\/wp-json\/wp\/v2\/destaque?post=7317"},{"taxonomy":"tematica","embeddable":true,"href":"https:\/\/gemaa.iesp.uerj.br\/en\/wp-json\/wp\/v2\/tematica?post=7317"}],"curies":[{"name":"wp","href":"https:\/\/api.w.org\/{rel}","templated":true}]}}