{"id":7312,"date":"2020-09-09T22:10:20","date_gmt":"2020-09-09T22:10:20","guid":{"rendered":"https:\/\/gemaa.iesp.uerj.br\/uncategorized\/raca-genero-e-saude-mental-nas-universidades-federais-do-rio-de-janeiro\/"},"modified":"2020-09-09T22:10:20","modified_gmt":"2020-09-09T22:10:20","slug":"raca-genero-e-saude-mental-nas-universidades-federais-do-rio-de-janeiro","status":"publish","type":"post","link":"https:\/\/gemaa.iesp.uerj.br\/en\/uncategorized\/raca-genero-e-saude-mental-nas-universidades-federais-do-rio-de-janeiro\/","title":{"rendered":"Ra\u00e7a, g\u00eanero e sa\u00fade mental nas universidades federais do Rio de Janeiro"},"content":{"rendered":"\n<p>A partir da an\u00e1lise dos dados da <strong><a href=\"https:\/\/www.andifes.org.br\/?p=79639\" target=\"_blank\" rel=\"noreferrer noopener\">V Pesquisa Nacional de Perfil Socioecon\u00f4mico e Cultural dos&nbsp;Estudantes de Gradua\u00e7\u00e3o das Institui\u00e7\u00f5es Federais de Ensino Superior Brasileiras<\/a><\/strong>, realizada em 2018, o GEMAA produziu o <a href=\"https:\/\/gemaa.iesp.uerj.br\/boletins\/boletim-gemaa-8-raca-genero-e-saude-mental-nas-universidades-federais\/\"><strong>Boletim 8: Ra\u00e7a, g\u00eanero e sa\u00fade mental nas Universidades Federais<\/strong><\/a>,&nbsp;que trata da sa\u00fade mental nas universidades brasileiras.<\/p>\n\n\n\n<p>Neste infogr\u00e1fico, focamos no Rio de Janeiro, estado que abrange 11%das matr\u00edculas das institui\u00e7\u00f5es federais. Os dados cobrem 5 institui\u00e7\u00f5es &#8211; UNIRIO, UFRJ, UFF, UFRRJ e CEFET\/RJ, e correspondem a 28.682 question\u00e1rios que, ap\u00f3s ajustes de pondera\u00e7\u00e3o amostral, apresentam estimativas coerentes com os totais populacionais.<\/p>\n\n\n\n<div class=\"wp-block-image\"><figure class=\"aligncenter size-large\"><img decoding=\"async\" src=\"https:\/\/gemaa.iesp.uerj.br\/wp-content\/uploads\/2020\/09\/Infogra%CC%81fico-Sau%CC%81de-Mental-RJ_final.png\" alt=\"\"\/><\/figure><\/div>\n","protected":false},"excerpt":{"rendered":"<p>A partir da an\u00e1lise dos dados da V Pesquisa Nacional de Perfil Socioecon\u00f4mico e Cultural dos&nbsp;Estudantes de Gradua\u00e7\u00e3o das Institui\u00e7\u00f5es Federais de Ensino Superior Brasileiras, realizada em 2018, o GEMAA produziu o Boletim 8: Ra\u00e7a, g\u00eanero e sa\u00fade mental nas Universidades Federais,&nbsp;que trata da sa\u00fade mental nas universidades brasileiras. Neste infogr\u00e1fico, focamos no Rio de [&hellip;]<\/p>\n","protected":false},"author":12,"featured_media":0,"comment_status":"open","ping_status":"open","sticky":false,"template":"","format":"standard","meta":{"_acf_changed":false,"wds_primary_category":504,"wds_primary_destaque":0,"footnotes":""},"categories":[504],"tags":[],"destaque":[],"tematica":[],"class_list":["post-7312","post","type-post","status-publish","format-standard","hentry","category-uncategorized"],"blocksy_meta":{"styles_descriptor":{"styles":{"desktop":"","tablet":"","mobile":""},"google_fonts":[],"version":6}},"featured_image_urls_v2":{"full":"","thumbnail":"","medium":"","medium_large":"","large":"","gs-tiny":"","xl":"","xxl":"","xxxl":"","xxxxl":"","xxxxxl":"","1536x1536":"","2048x2048":""},"post_excerpt_stackable_v2":"<p>A partir da an\u00e1lise dos dados da V Pesquisa Nacional de Perfil Socioecon\u00f4mico e Cultural dos&nbsp;Estudantes de Gradua\u00e7\u00e3o das Institui\u00e7\u00f5es Federais de Ensino Superior Brasileiras, realizada em 2018, o GEMAA produziu o Boletim 8: Ra\u00e7a, g\u00eanero e sa\u00fade mental nas Universidades Federais,&nbsp;que trata da sa\u00fade mental nas universidades brasileiras. Neste infogr\u00e1fico, focamos no Rio de Janeiro, estado que abrange 11%das matr\u00edculas das institui\u00e7\u00f5es federais. Os dados cobrem 5 institui\u00e7\u00f5es &#8211; UNIRIO, UFRJ, UFF, UFRRJ e CEFET\/RJ, e correspondem a 28.682 question\u00e1rios que, ap\u00f3s ajustes de pondera\u00e7\u00e3o amostral, apresentam estimativas coerentes com os totais populacionais.<\/p>\n","category_list_v2":"<a href=\"https:\/\/gemaa.iesp.uerj.br\/en\/category\/uncategorized\/\" rel=\"category tag\">Uncategorized<\/a>","author_info_v2":{"name":"Poema Portela","url":"https:\/\/gemaa.iesp.uerj.br\/en\/author\/poema\/"},"comments_num_v2":"0 comments","acf":[],"_links":{"self":[{"href":"https:\/\/gemaa.iesp.uerj.br\/en\/wp-json\/wp\/v2\/posts\/7312","targetHints":{"allow":["GET"]}}],"collection":[{"href":"https:\/\/gemaa.iesp.uerj.br\/en\/wp-json\/wp\/v2\/posts"}],"about":[{"href":"https:\/\/gemaa.iesp.uerj.br\/en\/wp-json\/wp\/v2\/types\/post"}],"author":[{"embeddable":true,"href":"https:\/\/gemaa.iesp.uerj.br\/en\/wp-json\/wp\/v2\/users\/12"}],"replies":[{"embeddable":true,"href":"https:\/\/gemaa.iesp.uerj.br\/en\/wp-json\/wp\/v2\/comments?post=7312"}],"version-history":[{"count":0,"href":"https:\/\/gemaa.iesp.uerj.br\/en\/wp-json\/wp\/v2\/posts\/7312\/revisions"}],"wp:attachment":[{"href":"https:\/\/gemaa.iesp.uerj.br\/en\/wp-json\/wp\/v2\/media?parent=7312"}],"wp:term":[{"taxonomy":"category","embeddable":true,"href":"https:\/\/gemaa.iesp.uerj.br\/en\/wp-json\/wp\/v2\/categories?post=7312"},{"taxonomy":"post_tag","embeddable":true,"href":"https:\/\/gemaa.iesp.uerj.br\/en\/wp-json\/wp\/v2\/tags?post=7312"},{"taxonomy":"destaque","embeddable":true,"href":"https:\/\/gemaa.iesp.uerj.br\/en\/wp-json\/wp\/v2\/destaque?post=7312"},{"taxonomy":"tematica","embeddable":true,"href":"https:\/\/gemaa.iesp.uerj.br\/en\/wp-json\/wp\/v2\/tematica?post=7312"}],"curies":[{"name":"wp","href":"https:\/\/api.w.org\/{rel}","templated":true}]}}