{"id":7307,"date":"2021-08-06T15:12:43","date_gmt":"2021-08-06T15:12:43","guid":{"rendered":"https:\/\/gemaa.iesp.uerj.br\/uncategorized\/politicas-de-acao-afirmativa-para-quilombolas-nas-universidades-publicas-2019\/"},"modified":"2021-08-06T15:12:43","modified_gmt":"2021-08-06T15:12:43","slug":"politicas-de-acao-afirmativa-para-quilombolas-nas-universidades-publicas-2019","status":"publish","type":"post","link":"https:\/\/gemaa.iesp.uerj.br\/en\/surveys\/politicas-de-acao-afirmativa-para-quilombolas-nas-universidades-publicas-2019\/","title":{"rendered":"Pol\u00edticas de A\u00e7\u00e3o Afirmativa para quilombolas nas Universidades P\u00fablicas (2019)"},"content":{"rendered":"<p><span style=\"font-weight: 400;\">Em um levantamento pioneiro no pa\u00eds, o GEMAA (Grupo de Estudos Multidisciplinares da A\u00e7\u00e3o Afirmativa) analisa as pol\u00edticas de a\u00e7\u00e3o afirmativa destinadas a quilombolas em cursos de gradua\u00e7\u00e3o das universidades p\u00fablicas brasileiras em 2019. Fruto de um trabalho coletivo de meses, a pesquisa requereu uma abordagem metodol\u00f3gica complexa e multifacetada. O trabalho envolveu a an\u00e1lise minuciosa de um sem n\u00famero de documentos, dentre os quais se destacam: resolu\u00e7\u00f5es disponibilizadas nos sites das institui\u00e7\u00f5es de ensino; manuais voltados aos candidatos;&nbsp; editais e termos de ades\u00e3o ao SISU publicados pelas universidades; documentos judiciais e mat\u00e9rias jornal\u00edsticas, principalmente aquelas veiculadas pelas pr\u00f3prias institui\u00e7\u00f5es.<\/span><\/p>\n<p><span style=\"font-weight: 400;\">Dentre outros fatores, a pesquisa demonstra que, em 2019, entre as 106 universidades federais e estaduais do pa\u00eds, havia somente 21 com poli\u0301ticas de a\u00e7\u00e3o afirmativa destinadas a\u0300 populac\u0327a\u0303o quilombola. Essas universidades se concentravam em 8 estados brasileiros, nenhum da regi\u00e3o Sudeste. Trata-se, portanto, de uma pol\u00edtica de alcance t\u00edmido, uma vez que, considerando todas as vagas ofertadas em 2019 nas universidades pu\u0301blicas brasileiras, a reserva de vagas para a populac\u0327a\u0303o quilombola representou uma fra\u00e7\u00e3o de 0,53%.<\/span><\/p>\n<p>&nbsp;<\/p>\n<p style=\"text-align: center;\"><strong>Clique na imagem abaixo para fazer o download<\/strong><\/p>\n<p style=\"text-align: center;\"><a href=\"https:\/\/gemaa.iesp.uerj.br\/wp-content\/uploads\/2021\/08\/L.-Quilombola-110821b.pdf\"><img fetchpriority=\"high\" decoding=\"async\" class=\" wp-image-2314 aligncenter\" src=\"https:\/\/gemaa.iesp.uerj.br\/wp-content\/uploads\/2021\/08\/L.Quilombola-050821-1_page-0001.jpg\" alt=\"\" width=\"400\" height=\"565\"><\/a><\/p>\n","protected":false},"excerpt":{"rendered":"<p>Em um levantamento pioneiro no pa\u00eds, o GEMAA (Grupo de Estudos Multidisciplinares da A\u00e7\u00e3o Afirmativa) analisa as pol\u00edticas de a\u00e7\u00e3o afirmativa destinadas a quilombolas em cursos de gradua\u00e7\u00e3o das universidades p\u00fablicas brasileiras em 2019. Fruto de um trabalho coletivo de meses, a pesquisa requereu uma abordagem metodol\u00f3gica complexa e multifacetada. O trabalho envolveu a an\u00e1lise [&hellip;]<\/p>\n","protected":false},"author":12,"featured_media":0,"comment_status":"open","ping_status":"open","sticky":false,"template":"","format":"standard","meta":{"_acf_changed":false,"wds_primary_category":544,"wds_primary_destaque":0,"footnotes":""},"categories":[544],"tags":[],"destaque":[],"tematica":[530,532,529],"class_list":["post-7307","post","type-post","status-publish","format-standard","hentry","category-surveys","tematica-education","tematica-higher-education","tematica-race"],"blocksy_meta":{"styles_descriptor":{"styles":{"desktop":"","tablet":"","mobile":""},"google_fonts":[],"version":6}},"featured_image_urls_v2":{"full":"","thumbnail":"","medium":"","medium_large":"","large":"","gs-tiny":"","xl":"","xxl":"","xxxl":"","xxxxl":"","xxxxxl":"","1536x1536":"","2048x2048":""},"post_excerpt_stackable_v2":"<p>Em um levantamento pioneiro no pa\u00eds, o GEMAA (Grupo de Estudos Multidisciplinares da A\u00e7\u00e3o Afirmativa) analisa as pol\u00edticas de a\u00e7\u00e3o afirmativa destinadas a quilombolas em cursos de gradua\u00e7\u00e3o das universidades p\u00fablicas brasileiras em 2019. Fruto de um trabalho coletivo de meses, a pesquisa requereu uma abordagem metodol\u00f3gica complexa e multifacetada. O trabalho envolveu a an\u00e1lise minuciosa de um sem n\u00famero de documentos, dentre os quais se destacam: resolu\u00e7\u00f5es disponibilizadas nos sites das institui\u00e7\u00f5es de ensino; manuais voltados aos candidatos;&nbsp; editais e termos de ades\u00e3o ao SISU publicados pelas universidades; documentos judiciais e mat\u00e9rias jornal\u00edsticas, principalmente aquelas veiculadas pelas pr\u00f3prias institui\u00e7\u00f5es.&hellip;<\/p>\n","category_list_v2":"<a href=\"https:\/\/gemaa.iesp.uerj.br\/en\/category\/surveys\/\" rel=\"category tag\">Surveys<\/a>","author_info_v2":{"name":"Poema Portela","url":"https:\/\/gemaa.iesp.uerj.br\/en\/author\/poema\/"},"comments_num_v2":"0 comments","acf":[],"_links":{"self":[{"href":"https:\/\/gemaa.iesp.uerj.br\/en\/wp-json\/wp\/v2\/posts\/7307","targetHints":{"allow":["GET"]}}],"collection":[{"href":"https:\/\/gemaa.iesp.uerj.br\/en\/wp-json\/wp\/v2\/posts"}],"about":[{"href":"https:\/\/gemaa.iesp.uerj.br\/en\/wp-json\/wp\/v2\/types\/post"}],"author":[{"embeddable":true,"href":"https:\/\/gemaa.iesp.uerj.br\/en\/wp-json\/wp\/v2\/users\/12"}],"replies":[{"embeddable":true,"href":"https:\/\/gemaa.iesp.uerj.br\/en\/wp-json\/wp\/v2\/comments?post=7307"}],"version-history":[{"count":0,"href":"https:\/\/gemaa.iesp.uerj.br\/en\/wp-json\/wp\/v2\/posts\/7307\/revisions"}],"wp:attachment":[{"href":"https:\/\/gemaa.iesp.uerj.br\/en\/wp-json\/wp\/v2\/media?parent=7307"}],"wp:term":[{"taxonomy":"category","embeddable":true,"href":"https:\/\/gemaa.iesp.uerj.br\/en\/wp-json\/wp\/v2\/categories?post=7307"},{"taxonomy":"post_tag","embeddable":true,"href":"https:\/\/gemaa.iesp.uerj.br\/en\/wp-json\/wp\/v2\/tags?post=7307"},{"taxonomy":"destaque","embeddable":true,"href":"https:\/\/gemaa.iesp.uerj.br\/en\/wp-json\/wp\/v2\/destaque?post=7307"},{"taxonomy":"tematica","embeddable":true,"href":"https:\/\/gemaa.iesp.uerj.br\/en\/wp-json\/wp\/v2\/tematica?post=7307"}],"curies":[{"name":"wp","href":"https:\/\/api.w.org\/{rel}","templated":true}]}}