{"id":7305,"date":"2021-12-09T13:45:00","date_gmt":"2021-12-09T13:45:00","guid":{"rendered":"https:\/\/gemaa.iesp.uerj.br\/uncategorized\/jornalismo-brasileiro-raca-e-genero-de-quem-escreve-nos-principais-jornais-do-pais\/"},"modified":"2023-05-05T19:35:52","modified_gmt":"2023-05-05T19:35:52","slug":"jornalismo-brasileiro-raca-e-genero-de-quem-escreve-nos-principais-jornais-do-pais","status":"publish","type":"post","link":"https:\/\/gemaa.iesp.uerj.br\/en\/infographics\/jornalismo-brasileiro-raca-e-genero-de-quem-escreve-nos-principais-jornais-do-pais\/","title":{"rendered":"Jornalismo brasileiro: ra\u00e7a e g\u00eanero de quem escreve nos principais jornais do pa\u00eds."},"content":{"rendered":"\n<p>Neste estudo, o GEMAA amplia a an\u00e1lise sobre o perfil profissional dos jornalistas que escrevem nos tr\u00eas maiores ve\u00edculos impressos do pa\u00eds: O Globo, Folha de S\u00e3o Paulo e Estado de S\u00e3o Paulo. A partir da an\u00e1lise de g\u00eanero e ra\u00e7a de quem escreve nos principais jornais do Brasil, identificamos uma predomin\u00e2ncia de pessoas brancas e de homens. Quando se trata da produ\u00e7\u00e3o de not\u00edcias e circula\u00e7\u00e3o da informa\u00e7\u00e3o, a discuss\u00e3o sobre desigualdades ultrapassa a quest\u00e3o da justa proporcionalidade e assume um lugar de consolida\u00e7\u00e3o da vis\u00e3o de um grupo dominante e invisibiliza\u00e7\u00e3o de vozes diversas acerca de problemas sociais e pol\u00edticos do pa\u00eds. O cen\u00e1rio observado nos resultados \u00e9 de que a m\u00eddia brasileira se mant\u00e9m priorizando um olhar sobre o mundo privilegiado e pouco condizente com a realidade nacional.<\/p>\n\n\n\n<figure class=\"wp-block-image size-large is-resized\"><img fetchpriority=\"high\" decoding=\"async\" src=\"https:\/\/gemaa.iesp.uerj.br\/wp-content\/uploads\/2021\/12\/Jornalismo-brasileiro-2021-v3-3-273x1024.png\" alt=\"\" class=\"wp-image-5794\" width=\"670\" height=\"2513\" srcset=\"https:\/\/gemaa.iesp.uerj.br\/wp-content\/uploads\/2021\/12\/Jornalismo-brasileiro-2021-v3-3-273x1024.png 273w, https:\/\/gemaa.iesp.uerj.br\/wp-content\/uploads\/2021\/12\/Jornalismo-brasileiro-2021-v3-3-80x300.png 80w, https:\/\/gemaa.iesp.uerj.br\/wp-content\/uploads\/2021\/12\/Jornalismo-brasileiro-2021-v3-3-768x2880.png 768w, https:\/\/gemaa.iesp.uerj.br\/wp-content\/uploads\/2021\/12\/Jornalismo-brasileiro-2021-v3-3-546x2048.png 546w, https:\/\/gemaa.iesp.uerj.br\/wp-content\/uploads\/2021\/12\/Jornalismo-brasileiro-2021-v3-3.png 800w\" sizes=\"(max-width: 670px) 100vw, 670px\" \/><\/figure>\n","protected":false},"excerpt":{"rendered":"<p>Neste estudo, o GEMAA amplia a an\u00e1lise sobre o perfil profissional dos jornalistas que escrevem nos tr\u00eas maiores ve\u00edculos impressos do pa\u00eds: O Globo, Folha de S\u00e3o Paulo e Estado de S\u00e3o Paulo. A partir da an\u00e1lise de g\u00eanero e ra\u00e7a de quem escreve nos principais jornais do Brasil, identificamos uma predomin\u00e2ncia de pessoas brancas [&hellip;]<\/p>\n","protected":false},"author":8,"featured_media":0,"comment_status":"open","ping_status":"open","sticky":false,"template":"","format":"standard","meta":{"_acf_changed":false,"wds_primary_category":543,"wds_primary_destaque":0,"footnotes":""},"categories":[543],"tags":[],"destaque":[],"tematica":[528,534,535,529],"class_list":["post-7305","post","type-post","status-publish","format-standard","hentry","category-infographics","tematica-gender","tematica-media","tematica-press","tematica-race"],"blocksy_meta":{"styles_descriptor":{"styles":{"desktop":"","tablet":"","mobile":""},"google_fonts":[],"version":6}},"featured_image_urls_v2":{"full":"","thumbnail":"","medium":"","medium_large":"","large":"","gs-tiny":"","xl":"","xxl":"","xxxl":"","xxxxl":"","xxxxxl":"","1536x1536":"","2048x2048":""},"post_excerpt_stackable_v2":"<p>Neste estudo, o GEMAA amplia a an\u00e1lise sobre o perfil profissional dos jornalistas que escrevem nos tr\u00eas maiores ve\u00edculos impressos do pa\u00eds: O Globo, Folha de S\u00e3o Paulo e Estado de S\u00e3o Paulo. A partir da an\u00e1lise de g\u00eanero e ra\u00e7a de quem escreve nos principais jornais do Brasil, identificamos uma predomin\u00e2ncia de pessoas brancas e de homens. Quando se trata da produ\u00e7\u00e3o de not\u00edcias e circula\u00e7\u00e3o da informa\u00e7\u00e3o, a discuss\u00e3o sobre desigualdades ultrapassa a quest\u00e3o da justa proporcionalidade e assume um lugar de consolida\u00e7\u00e3o da vis\u00e3o de um grupo dominante e invisibiliza\u00e7\u00e3o de vozes diversas acerca de problemas sociais&hellip;<\/p>\n","category_list_v2":"<a href=\"https:\/\/gemaa.iesp.uerj.br\/en\/category\/infographics\/\" rel=\"category tag\">Infographics<\/a>","author_info_v2":{"name":"Izabelle","url":"https:\/\/gemaa.iesp.uerj.br\/en\/author\/izabelle\/"},"comments_num_v2":"0 comments","acf":[],"_links":{"self":[{"href":"https:\/\/gemaa.iesp.uerj.br\/en\/wp-json\/wp\/v2\/posts\/7305","targetHints":{"allow":["GET"]}}],"collection":[{"href":"https:\/\/gemaa.iesp.uerj.br\/en\/wp-json\/wp\/v2\/posts"}],"about":[{"href":"https:\/\/gemaa.iesp.uerj.br\/en\/wp-json\/wp\/v2\/types\/post"}],"author":[{"embeddable":true,"href":"https:\/\/gemaa.iesp.uerj.br\/en\/wp-json\/wp\/v2\/users\/8"}],"replies":[{"embeddable":true,"href":"https:\/\/gemaa.iesp.uerj.br\/en\/wp-json\/wp\/v2\/comments?post=7305"}],"version-history":[{"count":0,"href":"https:\/\/gemaa.iesp.uerj.br\/en\/wp-json\/wp\/v2\/posts\/7305\/revisions"}],"wp:attachment":[{"href":"https:\/\/gemaa.iesp.uerj.br\/en\/wp-json\/wp\/v2\/media?parent=7305"}],"wp:term":[{"taxonomy":"category","embeddable":true,"href":"https:\/\/gemaa.iesp.uerj.br\/en\/wp-json\/wp\/v2\/categories?post=7305"},{"taxonomy":"post_tag","embeddable":true,"href":"https:\/\/gemaa.iesp.uerj.br\/en\/wp-json\/wp\/v2\/tags?post=7305"},{"taxonomy":"destaque","embeddable":true,"href":"https:\/\/gemaa.iesp.uerj.br\/en\/wp-json\/wp\/v2\/destaque?post=7305"},{"taxonomy":"tematica","embeddable":true,"href":"https:\/\/gemaa.iesp.uerj.br\/en\/wp-json\/wp\/v2\/tematica?post=7305"}],"curies":[{"name":"wp","href":"https:\/\/api.w.org\/{rel}","templated":true}]}}